{"id":271,"date":"2026-04-29T09:00:00","date_gmt":"2026-04-29T06:00:00","guid":{"rendered":"https:\/\/blogit.utu.fi\/abo800\/?p=271"},"modified":"2026-04-27T22:22:46","modified_gmt":"2026-04-27T19:22:46","slug":"ondskan-ett-samtalsamne-pa-1980-talet","status":"publish","type":"post","link":"https:\/\/blogit.utu.fi\/abo800\/2026\/04\/29\/ondskan-ett-samtalsamne-pa-1980-talet\/","title":{"rendered":"Ondskan ett samtals\u00e4mne p\u00e5 1980-talet"},"content":{"rendered":"\n<p>Under senare h\u00e4lften av 1980-talet blev skildringarna av ondskan i den inhemska samtidsprosan ett samtals\u00e4mne bland litteraturintresserade i v\u00e5rt land. Bland annat detta tema behandlades p\u00e5 seminariet Pahuuden perinne (Ondskans tradition), som anordnades i \u00c5bo 1988.<\/p>\n\n\n\n<p>Evenemanget arrangerades i samarbete mellan \u00c5bo stadsbibliotek och \u00e4mnena inhemsk litteratur och kulturhistoria vid \u00c5bo universitet. Det var en del av firandet av Boken i Finland 500 \u00e5r. Det hade d\u00e5 g\u00e5tt j\u00e4mna \u00e5r sedan \u00c5bobiskopen Konrad Bitz f\u00f6r sitt stifts behov l\u00e4t trycka m\u00e4ssboken Missale Aboense p\u00e5 ett boktryckeri i Lybeck.<\/p>\n\n\n\n<p>Initiativet till ett seminarium kring ondskan hade tagits av ordf\u00f6randen f\u00f6r den finska bokens jubileumskommitt\u00e9 Paul Gustafsson, som ocks\u00e5 h\u00f6ll seminariets \u00f6ppningstal. Kommitt\u00e9ns sekreterare Unnukka Stenqvist och assistenten i kulturhistoria Hannu Laaksonen sammanst\u00e4llde seminarief\u00f6redragen till en 69-sidig bok,&nbsp;<em>Pahuuden perinne \u2013 puheenvuoroja pahan olemuksesta<\/em>, som ger l\u00e4saren m\u00f6jlighet att skaffa sig en uppfattning om samtidsdiagnosen f\u00f6r n\u00e4stan 40 \u00e5r sedan.<\/p>\n\n\n<div class=\"wp-block-image\">\n<figure class=\"alignleft size-full is-resized\"><img loading=\"lazy\" decoding=\"async\" width=\"605\" height=\"865\" src=\"https:\/\/blogit.utu.fi\/abo800\/wp-content\/uploads\/sites\/727\/2026\/04\/pahuus.jpg\" alt=\"\" class=\"wp-image-272\" style=\"width:216px;height:auto\" srcset=\"https:\/\/blogit.utu.fi\/abo800\/wp-content\/uploads\/sites\/727\/2026\/04\/pahuus.jpg 605w, https:\/\/blogit.utu.fi\/abo800\/wp-content\/uploads\/sites\/727\/2026\/04\/pahuus-210x300.jpg 210w\" sizes=\"auto, (max-width: 605px) 100vw, 605px\" \/><figcaption class=\"wp-element-caption\"><em>Seminariepublikationens m\u00f6rka p\u00e4rm \u00e4r formgiven av Totti Tuhkanen. Enligt bakp\u00e4rmen ger texterna en grundlig analys av tidens andliga klimat och de traditioner som formar det. \u00a0<\/em><\/figcaption><\/figure><\/div>\n\n\n<p>Inspirationen till ett seminarium kring just ondskan kan ha kommit fr\u00e5n f\u00f6rfattaren och l\u00e4karen Claes Andersson, som h\u00f6sten 1986 hade skrivit en artikel i&nbsp;<em>Helsingin Sanomat<\/em>&nbsp;om temat ondska i den finska prosan. Han hade noterat en tydlig \u00f6verg\u00e5ng fr\u00e5n den episka realism som dominerade i de efterkrigstida skildringarna av flykten fr\u00e5n landsbygden och strukturf\u00f6r\u00e4ndringarna. I dess st\u00e4lle tr\u00e4dde den urbana milj\u00f6n samt f\u00f6rfattare som p\u00e5 ett neutralt s\u00e4tt skildrade ondska, till exempel Esa Sariola, Annika Idstr\u00f6m och Eira Stenberg. &nbsp;Yuppiedecenniets litter\u00e4ra landskap befolkades av trasiga och k\u00e4nslokalla problemtyngda individer utan grupptillh\u00f6righet, empati och etiska principer.<\/p>\n\n\n\n<p>P\u00e5 seminariet i \u00c5bo \u00e5terupptog Andersson sitt tema fr\u00e5n ett par \u00e5r tillbaka. Inne p\u00e5 samma linje var \u00c5bo universitets professor i inhemsk litteratur Pertti Karkama, som f\u00f6rmodade att individen i den kapitalistiska samtidsverkligheten mist sin f\u00f6rm\u00e5ga att protestera. I prosan f\u00f6ref\u00f6ll det onda att segra.&nbsp;<\/p>\n\n\n\n<p>En annan synvinkel f\u00f6retr\u00e4dde viceh\u00e4radsh\u00f6vding Jukka Kemppinen. Han v\u00e4nde blicken mot l\u00e4sarna och beklagade att samtidslitteraturen inte v\u00e4ckte tillr\u00e4ckligt med misshag eftersom ordkonsten skulle vara opassande.<\/p>\n\n\n\n<p>Filosofen Tuomas Nevanlinna \u00e5ter ans\u00e5g att den moderna litteraturen f\u00f6rv\u00e4rldsligade det heliga och tog kontroll \u00f6ver riskerna med hj\u00e4lp av teknologin men samtidigt skapade nya hotbilder. I ondskans horisont skymtade ett m\u00f6jligt k\u00e4rnvapenkrig.&nbsp;<\/p>\n\n\n\n<p>Seminariet gl\u00f6mde inte ondskans motsatspar, godheten. Den ber\u00f6rdes av filosofen Sven Krohn, teologen Martti Voutilainen och generalsekreteraren f\u00f6r Helsingfors biskopsstift Pirkko Lehti\u00f6, kvinna i den mansdominerade talarskaran. Docenten i kulturhistoria Kari Immonen analyserade hur bilderna av fienden eliminerade godheten.<\/p>\n\n\n\n<p>I seminariepublikationens avslutande text ritar Hannu Laaksonen upp linjerna f\u00f6r ondskans uttryckss\u00e4tt fr\u00e5n 1600-talets h\u00e4xprocesser och folkets dj\u00e4vulsuppfattningar till den aktuella tiden. I diskussionen om sambandet mellan heavyrocken och satanismen fann han sp\u00e5r av dj\u00e4vulstro.<\/p>\n\n\n\n<p>I Laaksonens f\u00f6retal kan man l\u00e4sa, att Annika Idstr\u00f6m och Esa Sariola deltog i publikdiskussionerna. De samtida recensenterna s\u00e5g dem som ett slags f\u00f6retr\u00e4dare f\u00f6r ondskans skola.<\/p>\n\n\n\n<p>Paavo Oinonen<\/p>\n\n\n\n<p>\u00d6vers\u00e4ttning: Brita L\u00f6flund<\/p>\n\n\n\n<p><strong>K\u00e4llor:<\/strong><\/p>\n\n\n\n<p>Claes Andersson: \u201dPahan ongelma uudessa proosassa. Yksityinen itsekkyys h\u00e4m\u00e4rt\u00e4\u00e4 suomalaisen nykykirjallisuuden eettiset ja moraaliset ongelmat\u201d.&nbsp;<em>Helsingin Sanomat<\/em>&nbsp;7.10.1986.<\/p>\n\n\n\n<p>Hannu Laaksonen och Unnukka Stenqvist:&nbsp;<em>Pahuuden perinne \u2013 puheenvuoroja pahan olemuksesta<\/em>. Turun yliopiston historian laitos. Julkaisuja 20. \u00c5bo 1989.<\/p>\n","protected":false},"excerpt":{"rendered":"<p>Under senare h\u00e4lften av 1980-talet blev skildringarna av ondskan i den inhemska samtidsprosan ett samtals\u00e4mne bland litteraturintresserade i v\u00e5rt land. Bland annat detta tema behandlades p\u00e5 seminariet Pahuuden perinne (Ondskans tradition), som anordnades i \u00c5bo 1988. Evenemanget arrangerades i samarbete mellan \u00c5bo stadsbibliotek och \u00e4mnena inhemsk litteratur och kulturhistoria vid \u00c5bo universitet. Det var en &hellip; <a href=\"https:\/\/blogit.utu.fi\/abo800\/2026\/04\/29\/ondskan-ett-samtalsamne-pa-1980-talet\/\" class=\"more-link\">Forts\u00e4tt l\u00e4sa <span class=\"screen-reader-text\">Ondskan ett samtals\u00e4mne p\u00e5 1980-talet<\/span> <span class=\"meta-nav\">&rarr;<\/span><\/a><\/p>\n","protected":false},"author":29,"featured_media":0,"comment_status":"open","ping_status":"open","sticky":false,"template":"","format":"standard","meta":{"footnotes":""},"categories":[5],"tags":[25,35],"class_list":["post-271","post","type-post","status-publish","format-standard","hentry","category-1900-talet","tag-abo-universitet","tag-litteratur"],"_links":{"self":[{"href":"https:\/\/blogit.utu.fi\/abo800\/wp-json\/wp\/v2\/posts\/271","targetHints":{"allow":["GET"]}}],"collection":[{"href":"https:\/\/blogit.utu.fi\/abo800\/wp-json\/wp\/v2\/posts"}],"about":[{"href":"https:\/\/blogit.utu.fi\/abo800\/wp-json\/wp\/v2\/types\/post"}],"author":[{"embeddable":true,"href":"https:\/\/blogit.utu.fi\/abo800\/wp-json\/wp\/v2\/users\/29"}],"replies":[{"embeddable":true,"href":"https:\/\/blogit.utu.fi\/abo800\/wp-json\/wp\/v2\/comments?post=271"}],"version-history":[{"count":1,"href":"https:\/\/blogit.utu.fi\/abo800\/wp-json\/wp\/v2\/posts\/271\/revisions"}],"predecessor-version":[{"id":273,"href":"https:\/\/blogit.utu.fi\/abo800\/wp-json\/wp\/v2\/posts\/271\/revisions\/273"}],"wp:attachment":[{"href":"https:\/\/blogit.utu.fi\/abo800\/wp-json\/wp\/v2\/media?parent=271"}],"wp:term":[{"taxonomy":"category","embeddable":true,"href":"https:\/\/blogit.utu.fi\/abo800\/wp-json\/wp\/v2\/categories?post=271"},{"taxonomy":"post_tag","embeddable":true,"href":"https:\/\/blogit.utu.fi\/abo800\/wp-json\/wp\/v2\/tags?post=271"}],"curies":[{"name":"wp","href":"https:\/\/api.w.org\/{rel}","templated":true}]}}