{"id":475,"date":"2026-08-19T09:00:00","date_gmt":"2026-08-19T06:00:00","guid":{"rendered":"https:\/\/blogit.utu.fi\/abo800\/?p=475"},"modified":"2026-08-11T19:16:14","modified_gmt":"2026-08-11T16:16:14","slug":"erik-anders-crohns-studiebana-vid-abo-akademi","status":"publish","type":"post","link":"https:\/\/blogit.utu.fi\/abo800\/2026\/08\/19\/erik-anders-crohns-studiebana-vid-abo-akademi\/","title":{"rendered":"Erik Anders Crohns studiebana vid \u00c5bo Akademi"},"content":{"rendered":"\n<p class=\"wp-block-paragraph\"><em>\u201cO! huru glad huru innerligen n\u00f6jd lyck\u00f6nskar icke jag Dig till att hafva slupit det Sv\u00e4raste som Du s\u00e4ger at underg\u00e5 Examen nemligen Gudilof. Du kan d\u00e5 snart s\u00e4ga nu \u00e4r det slut, nu har jag sluppit en Tung B\u00f6rda. det \u00e4r sant att monga besv\u00e4r v\u00e4ntar Dig \u00e4nnu som Adjunkt, men dock i mindre grad \u00e4n da Du haft som Studeranden.<\/em><\/p>\n\n\n\n<p class=\"wp-block-paragraph\"><em>&nbsp;&#8211; &#8211; &#8211; af mamma hade jag nyss bref, hon \u00e4r s\u00e5 mycket bekyrad \u00f6fver dett att hon styrkte Collan til at be Dig komma hem. n\u00e5gra har i Kides sagt henne at Du nu aldeles kommer at f\u00f6rspilla Din lycka genom det beslut Du fattat, at lemna \u00c5bo eller hvad de l\u00e4r mera, och det oroar Gumman ehuru hon af innersta hjerta gladde sig der\u00e5t at \u00e4n hemf\u00e5 sin \u00e4lskade Eric, och det f\u00f6rat bo hos sig\u201d. (Elisabeth Collan till Erik Anders Crohns 8.7.1812, Coll. 37.14, Samling Collan, Nationalbiblioteket.)<\/em><\/p>\n\n\n<div class=\"wp-block-image\">\n<figure class=\"alignleft size-full is-resized\"><img loading=\"lazy\" decoding=\"async\" width=\"568\" height=\"934\" src=\"https:\/\/blogit.utu.fi\/abo800\/wp-content\/uploads\/sites\/727\/2026\/08\/Crohns.jpg\" alt=\"\" class=\"wp-image-476\" style=\"aspect-ratio:0.6081470519510865;width:230px;height:auto\" srcset=\"https:\/\/blogit.utu.fi\/abo800\/wp-content\/uploads\/sites\/727\/2026\/08\/Crohns.jpg 568w, https:\/\/blogit.utu.fi\/abo800\/wp-content\/uploads\/sites\/727\/2026\/08\/Crohns-182x300.jpg 182w\" sizes=\"auto, (max-width: 568px) 100vw, 568px\" \/><figcaption class=\"wp-element-caption\"><em>Erik Anders Crohns. Bild: Historiska bildsamlingen, Museiverket. Reprofoto: Markku Haverinen.\u00a0<\/em><a href=\"https:\/\/finna.fi\/Record\/museovirasto.D1DCE546E84FE6D62FBD977BD747CDD9?sid=5368890550\"><em>Finna.fi.<\/em><\/a><\/figcaption><\/figure>\n<\/div>\n\n\n<p class=\"wp-block-paragraph\">Erik Anders Crohns avlade examen vid \u00c5bo Akademi sommaren 1812. Han var d\u00e5 28 \u00e5r. Hans studiebana hade inte varit l\u00e4tt. En del \u00e5r hade varit sv\u00e5ra, och tidvis hade Crohns f\u00e5tt ty sig till str\u00f6jobb med vilka han f\u00f6rtj\u00e4nade sitt uppeh\u00e4lle och samtidigt f\u00f6rs\u00f6kte st\u00f6dja barndomsfamiljen i Kides. \u00c5r 1812 tedde sig framtiden ljus. I \u00c5bo var det livligt, studentevenemang arrangerades och faderns och broderns fr\u00e5nf\u00e4lle med tillh\u00f6rande sorgetid var \u00f6ver. P\u00e5 v\u00e5ren hade det varit maskerad i staden, och Erik Anders hade kl\u00e4tt ut sig till munk. Efter studierna hade Crohns stor nytta av de kontakter han knutit i \u00c5bo, inte minst av st\u00f6det fr\u00e5n lillasyster Elisabeths make Pehr Johan Collan. Collan k\u00e4nde alla, s\u00e5v\u00e4l Porthan som den nye generalguvern\u00f6ren Steinheil. Elisabeth retades med Erik Anders d\u00e5 denne var p\u00e5 slutrakan av sina studier genom att som adress p\u00e5 ett brev skriva \u201dBiskoppen Herr Eric Crohns i \u00c5bo\u201d. Biskop blev Erik Anders aldrig men v\u00e4l kyrkoherde i Helsingfors och Helsinge socken, och han fick h\u00e5lla predikan vid det till Helsingfors flyttade universitetets jubelfest \u00e5r 1840.&nbsp;<\/p>\n\n\n\n<p class=\"wp-block-paragraph\">Erik Anders studie\u00e5r inbegrep trots all stress m\u00e5nga glada stunder och en frihet som syster Elisabeth avundades honom. Ur ett Idensalmi-perspektiv var \u00c5bo en exotisk, urban och fascinerande stad. S\u00e5 h\u00e4r skrev Elisabeth till sin bror:<\/p>\n\n\n\n<p class=\"wp-block-paragraph\">\u201c<em>H\u00e4r [i Idensalmi] \u00e4r flere som bes\u00f6kt St\u00e4derne och bodt d\u00e4r i n\u00e5gra \u00e5r, men icke kan man urskilja dem fr\u00e5n oss andra s\u00e4ger de. g\u00e4rna skulle jag \u00e4ndock med Dig villa vara n\u00e5gon Tid i \u00c5bo, f\u00f6ratf\u00e5 se huru der lefves dett skulle just intrisera mig att se s\u00e5 mycket hyggliga och v\u00e4lkl\u00e4dda mennskior ocks\u00e5 artiga och belefvande som jag sett flere vara som kommit derifr\u00e5n jag menar ej s\u00e5dana som v\u00e5ra h\u00e4rst\u00e4des.\u201d (Elisabeth Collan till Erik Anders Crohns 18.12.1812, Coll. 37.14., Samling Collan, Nationalbiblioteket.)<\/em><\/p>\n\n\n\n<p class=\"wp-block-paragraph\">Ulla Ij\u00e4s<\/p>\n\n\n\n<p class=\"wp-block-paragraph\">\u00d6vers\u00e4ttning: Brita L\u00f6flund<\/p>\n\n\n\n<p class=\"wp-block-paragraph\"><strong>K\u00e4llor:<\/strong><\/p>\n\n\n\n<p class=\"wp-block-paragraph\">Sl\u00e4kten Collans samling, Coll. 37.14., Nationalbiblioteket.<\/p>\n\n\n\n<p class=\"wp-block-paragraph\">Elisabeth Collan till Erik Anders Crohns 8.7.1812.<br>Elisabeth Collan till Erik Anders Crohns 26.3.1812.<br>\u201cBiskoppen Herr Eric Crohns i \u00c5bo\u201d. Elisabeth Collan till Erik Anders Crohns 18.1.1812.<br>Elisabeth Collan till Erik Anders Crohns 18.12.1812.<\/p>\n","protected":false},"excerpt":{"rendered":"<p>\u201cO! huru glad huru innerligen n\u00f6jd lyck\u00f6nskar icke jag Dig till att hafva slupit det Sv\u00e4raste som Du s\u00e4ger at underg\u00e5 Examen nemligen Gudilof. Du kan d\u00e5 snart s\u00e4ga nu \u00e4r det slut, nu har jag sluppit en Tung B\u00f6rda. det \u00e4r sant att monga besv\u00e4r v\u00e4ntar Dig \u00e4nnu som Adjunkt, men dock i mindre &hellip; <a href=\"https:\/\/blogit.utu.fi\/abo800\/2026\/08\/19\/erik-anders-crohns-studiebana-vid-abo-akademi\/\" class=\"more-link\">Forts\u00e4tt l\u00e4sa <span class=\"screen-reader-text\">Erik Anders Crohns studiebana vid \u00c5bo Akademi<\/span> <span class=\"meta-nav\">&rarr;<\/span><\/a><\/p>\n","protected":false},"author":29,"featured_media":0,"comment_status":"open","ping_status":"open","sticky":false,"template":"","format":"standard","meta":{"footnotes":""},"categories":[2],"tags":[260,29],"class_list":["post-475","post","type-post","status-publish","format-standard","hentry","category-1800-talet","tag-crohn-erik-anders","tag-kejserliga-abo-akademi"],"_links":{"self":[{"href":"https:\/\/blogit.utu.fi\/abo800\/wp-json\/wp\/v2\/posts\/475","targetHints":{"allow":["GET"]}}],"collection":[{"href":"https:\/\/blogit.utu.fi\/abo800\/wp-json\/wp\/v2\/posts"}],"about":[{"href":"https:\/\/blogit.utu.fi\/abo800\/wp-json\/wp\/v2\/types\/post"}],"author":[{"embeddable":true,"href":"https:\/\/blogit.utu.fi\/abo800\/wp-json\/wp\/v2\/users\/29"}],"replies":[{"embeddable":true,"href":"https:\/\/blogit.utu.fi\/abo800\/wp-json\/wp\/v2\/comments?post=475"}],"version-history":[{"count":1,"href":"https:\/\/blogit.utu.fi\/abo800\/wp-json\/wp\/v2\/posts\/475\/revisions"}],"predecessor-version":[{"id":477,"href":"https:\/\/blogit.utu.fi\/abo800\/wp-json\/wp\/v2\/posts\/475\/revisions\/477"}],"wp:attachment":[{"href":"https:\/\/blogit.utu.fi\/abo800\/wp-json\/wp\/v2\/media?parent=475"}],"wp:term":[{"taxonomy":"category","embeddable":true,"href":"https:\/\/blogit.utu.fi\/abo800\/wp-json\/wp\/v2\/categories?post=475"},{"taxonomy":"post_tag","embeddable":true,"href":"https:\/\/blogit.utu.fi\/abo800\/wp-json\/wp\/v2\/tags?post=475"}],"curies":[{"name":"wp","href":"https:\/\/api.w.org\/{rel}","templated":true}]}}