{"id":485,"date":"2026-08-26T09:00:00","date_gmt":"2026-08-26T06:00:00","guid":{"rendered":"https:\/\/blogit.utu.fi\/abo800\/?p=485"},"modified":"2026-08-16T12:07:04","modified_gmt":"2026-08-16T09:07:04","slug":"en-hundraarings-fodelsedagsfest-ar-1910","status":"publish","type":"post","link":"https:\/\/blogit.utu.fi\/abo800\/2026\/08\/26\/en-hundraarings-fodelsedagsfest-ar-1910\/","title":{"rendered":"En hundra\u00e5rings f\u00f6delsedagsfest \u00e5r 1910"},"content":{"rendered":"\n<p class=\"wp-block-paragraph\">P\u00e5 fattighuset i \u00c5bo firades en ovanlig bem\u00e4rkelsedag den 6 maj 1910. Husets l\u00e5ngvariga inv\u00e5nare, fr\u00f6ken Eva Elisabeth Wechter fyllde d\u00e5 hundra \u00e5r och blev d\u00e4rmed \u00c5bo stads \u00e4ldsta inv\u00e5nare. Det h\u00e4r intresserade naturligtvis stadsborna, och hundra\u00e5ringen till \u00e4ra arrangerades en stilig fest trots att festf\u00f6rem\u00e5let sj\u00e4lv hade skadat sin fot och var s\u00e4ngliggande.<\/p>\n\n\n<div class=\"wp-block-image\">\n<figure class=\"alignleft size-large\"><img loading=\"lazy\" decoding=\"async\" width=\"1024\" height=\"645\" src=\"https:\/\/blogit.utu.fi\/abo800\/wp-content\/uploads\/sites\/727\/2026\/08\/Wechter-1024x645.jpg\" alt=\"\" class=\"wp-image-486\" srcset=\"https:\/\/blogit.utu.fi\/abo800\/wp-content\/uploads\/sites\/727\/2026\/08\/Wechter-1024x645.jpg 1024w, https:\/\/blogit.utu.fi\/abo800\/wp-content\/uploads\/sites\/727\/2026\/08\/Wechter-300x189.jpg 300w, https:\/\/blogit.utu.fi\/abo800\/wp-content\/uploads\/sites\/727\/2026\/08\/Wechter-768x484.jpg 768w, https:\/\/blogit.utu.fi\/abo800\/wp-content\/uploads\/sites\/727\/2026\/08\/Wechter-1536x968.jpg 1536w, https:\/\/blogit.utu.fi\/abo800\/wp-content\/uploads\/sites\/727\/2026\/08\/Wechter.jpg 1890w\" sizes=\"auto, (max-width: 1024px) 100vw, 1024px\" \/><figcaption class=\"wp-element-caption\"><em>Eva Lisa Wechters f\u00f6delsedag torde ha firats med blommor och telegram p\u00e5 ungef\u00e4r samma s\u00e4tt som bildens Ika (Fredrika) F\u00e4rdig hyllades i Nystad. Fotot har daterats till 1910\u20121920-talet. Bild: Nystads museums fotografisamling. Nystads museum.<\/em><\/figcaption><\/figure>\n<\/div>\n\n\n<p class=\"wp-block-paragraph\">Inget avkall gjordes p\u00e5 festligheterna fast Wechter bodde i fattighuset och inte var n\u00e5gon h\u00f6jdare i staden. Man ordnade ett kaffekalas och \u00e5ldringen ih\u00e5gkoms med bland annat blommor, penningg\u00e5vor och gratulationstelegram. \u201d\u00c5ldringens lilla krypin till rum doftade av rosor och andra blommor\u201d, ber\u00e4ttade <em>Turun lehti<\/em>. Och sj\u00e4lvaste domprosten h\u00f6ll tal vid uppvaktningen. Av de lokala tidningarna skrev \u00e5tminstone <em>Turun lehti&nbsp;<\/em>och&nbsp;<em>\u00c5bo Underr\u00e4ttelser <\/em>om tilldragelsen.<\/p>\n\n\n\n<p class=\"wp-block-paragraph\">Wechter var f\u00f6dd i \u00c5bo \u00e5r 1810 av en ogift mor, s\u00e5 hon var av o\u00e4kta b\u00f6rd. Familjen torde ha levt ett mycket k\u00e4rvt och anspr\u00e5ksl\u00f6st liv emedan Wechters mor aldrig gifte sig och utkomsten d\u00e4rf\u00f6r var helt avh\u00e4ngig av henne. En viktig v\u00e4ndpunkt i Wechters liv var troligen \u00c5bo brand 1827, \u00e4ven om k\u00e4llorna inte ber\u00e4ttar hur Wechter upplevde storbranden. Helt klart \u00e4r, att livet i ruinstaden kr\u00e4vde uth\u00e5llighet. Wechter fick sitt levebr\u00f6d som tj\u00e4narinna; tidningarna ber\u00e4ttade att hon b\u00f6rjade tj\u00e4na redan som ung.<\/p>\n\n\n\n<p class=\"wp-block-paragraph\">Till fattighuset kom Wechter som 92-\u00e5ring. Tidningarna vet ber\u00e4tta, att hon d\u00e5 var s\u00e5 sjuk att man trodde att hon snart skulle d\u00f6. Hon var ogift och barnl\u00f6s, och det f\u00f6refaller som om hon inte hade n\u00e5gra anh\u00f6riga som skulle ha kunnat ta hand om henne. Uppenbarligen var omsorgen p\u00e5 fattighuset bra och Wechter tillfrisknade. Hon \u201dblev rask p\u00e5 nytt och ville tillbaka till sin lilla lya p\u00e5 Klosterbacken men gick till sist med p\u00e5 att stanna i fattighuset, d\u00e4r v\u00e5rden \u00e4r god\u201d, skrev&nbsp;<em>Turun lehti.<\/em><\/p>\n\n\n\n<p class=\"wp-block-paragraph\">P\u00e5 pingstdagen en dryg vecka efter hundra\u00e5rsfesten avled Wechter p\u00e5 fattighuset, d\u00e4r man vidtog arrangemang f\u00f6r begravningen. Trots att Wechter f\u00f6r bara en vecka sedan varit en av hela staden firad inv\u00e5nare och jubilar f\u00f6ljde man g\u00e4llande begravningen det vanliga protokollet f\u00f6r fattighushjon. Kistan transporterades till begravningsplatsen med fattighusets anspr\u00e5ksl\u00f6sa likvagn och neds\u00e4nktes i en fattighjonsgrav, som endast kostade tre mark och tio penni. Inget begravningsf\u00f6lje fanns p\u00e5 plats och Wechter ih\u00e5gkoms inte med n\u00e5gra som helst h\u00f6gtidligheter.<\/p>\n\n\n\n<p class=\"wp-block-paragraph\">Kontrasten mellan den anspr\u00e5ksl\u00f6sa begravningen och det festliga f\u00f6delsedagsfirandet var stor, vilket betonar Eva Wechters st\u00e4llning som en av samh\u00e4llets utslagna. Det noterade ocks\u00e5&nbsp;<em>Turun lehti,&nbsp;<\/em>som dock avslutade sin rapport om Wechters d\u00f6d med en hoppfull tanke: \u201dI v\u00e5ra \u00f6gon var skillnaden stor mellan f\u00f6delsedagen och begravningsdagen. Men f\u00f6r Eva W\u00e4chter var skillnaden \u00e4nnu st\u00f6rre. Om f\u00f6delsedagsgl\u00e4djen i fattighuset visste hon just inte s\u00e5 mycket \u2012 men p\u00e5 begravningsdagen kunde hon fr\u00f6jdas i det hem d\u00e4r ingen fattigdom och sjukdom finns. D\u00e4r finns rikedom \u00e4ven f\u00f6r Eva Lisa W\u00e4chter.\u201d<\/p>\n\n\n\n<p class=\"wp-block-paragraph\">Noora Viljamaa<\/p>\n\n\n\n<p class=\"wp-block-paragraph\">\u00d6vers\u00e4ttning: Brita L\u00f6flund<\/p>\n\n\n\n<p class=\"wp-block-paragraph\"><strong>K\u00e4llor:<\/strong><\/p>\n\n\n\n<p class=\"wp-block-paragraph\"><em>Turun lehti,&nbsp;<\/em>7.5.1910 nr 53 och 24.5.1910 nr 59.<\/p>\n\n\n\n<p class=\"wp-block-paragraph\"><em>\u00c5bo Underr\u00e4ttelser,&nbsp;<\/em>7.5.1910 nr 123.<\/p>\n\n\n\n<p class=\"wp-block-paragraph\"><\/p>\n","protected":false},"excerpt":{"rendered":"<p>P\u00e5 fattighuset i \u00c5bo firades en ovanlig bem\u00e4rkelsedag den 6 maj 1910. Husets l\u00e5ngvariga inv\u00e5nare, fr\u00f6ken Eva Elisabeth Wechter fyllde d\u00e5 hundra \u00e5r och blev d\u00e4rmed \u00c5bo stads \u00e4ldsta inv\u00e5nare. Det h\u00e4r intresserade naturligtvis stadsborna, och hundra\u00e5ringen till \u00e4ra arrangerades en stilig fest trots att festf\u00f6rem\u00e5let sj\u00e4lv hade skadat sin fot och var s\u00e4ngliggande. Inget &hellip; <a href=\"https:\/\/blogit.utu.fi\/abo800\/2026\/08\/26\/en-hundraarings-fodelsedagsfest-ar-1910\/\" class=\"more-link\">Forts\u00e4tt l\u00e4sa <span class=\"screen-reader-text\">En hundra\u00e5rings f\u00f6delsedagsfest \u00e5r 1910<\/span> <span class=\"meta-nav\">&rarr;<\/span><\/a><\/p>\n","protected":false},"author":29,"featured_media":0,"comment_status":"open","ping_status":"open","sticky":false,"template":"","format":"standard","meta":{"footnotes":""},"categories":[2,5],"tags":[268,240,269,267],"class_list":["post-485","post","type-post","status-publish","format-standard","hentry","category-1800-talet","category-1900-talet","tag-bemarkelsedagar","tag-fattighuset","tag-fodelsedagar","tag-wechter-eva-elisabeth"],"_links":{"self":[{"href":"https:\/\/blogit.utu.fi\/abo800\/wp-json\/wp\/v2\/posts\/485","targetHints":{"allow":["GET"]}}],"collection":[{"href":"https:\/\/blogit.utu.fi\/abo800\/wp-json\/wp\/v2\/posts"}],"about":[{"href":"https:\/\/blogit.utu.fi\/abo800\/wp-json\/wp\/v2\/types\/post"}],"author":[{"embeddable":true,"href":"https:\/\/blogit.utu.fi\/abo800\/wp-json\/wp\/v2\/users\/29"}],"replies":[{"embeddable":true,"href":"https:\/\/blogit.utu.fi\/abo800\/wp-json\/wp\/v2\/comments?post=485"}],"version-history":[{"count":1,"href":"https:\/\/blogit.utu.fi\/abo800\/wp-json\/wp\/v2\/posts\/485\/revisions"}],"predecessor-version":[{"id":487,"href":"https:\/\/blogit.utu.fi\/abo800\/wp-json\/wp\/v2\/posts\/485\/revisions\/487"}],"wp:attachment":[{"href":"https:\/\/blogit.utu.fi\/abo800\/wp-json\/wp\/v2\/media?parent=485"}],"wp:term":[{"taxonomy":"category","embeddable":true,"href":"https:\/\/blogit.utu.fi\/abo800\/wp-json\/wp\/v2\/categories?post=485"},{"taxonomy":"post_tag","embeddable":true,"href":"https:\/\/blogit.utu.fi\/abo800\/wp-json\/wp\/v2\/tags?post=485"}],"curies":[{"name":"wp","href":"https:\/\/api.w.org\/{rel}","templated":true}]}}