{"id":323,"date":"2026-08-31T16:59:32","date_gmt":"2026-08-31T13:59:32","guid":{"rendered":"https:\/\/blogit.utu.fi\/docsobe\/?p=323"},"modified":"2026-08-31T17:06:16","modified_gmt":"2026-08-31T14:06:16","slug":"docsoben-tapahtumat-syyskuussa-2026-2","status":"publish","type":"post","link":"https:\/\/blogit.utu.fi\/docsobe\/fi\/2026\/08\/31\/docsoben-tapahtumat-syyskuussa-2026-2\/","title":{"rendered":"DocSoBen tapahtumat syyskuussa 2026"},"content":{"rendered":"\n<p class=\"wp-block-paragraph\">Hei kaikki!<\/p>\n\n\n\n<p class=\"wp-block-paragraph\">DocSoBe on palannut kes\u00e4tauolta ja t\u00e4ss\u00e4 viestiss\u00e4 seuraakin tietoa tapahtumistamme syyskuussa. Emme en\u00e4\u00e4 l\u00e4het\u00e4 erillisi\u00e4 muistutusviestej\u00e4 kaikista tapahtumista, joten laitathan ne yl\u00f6s kalenteriisi jo nyt!&nbsp;<\/p>\n\n\n\n<p class=\"wp-block-paragraph\"><strong>ke 2.9. klo 17 | Orientaatiop\u00e4iv\u00e4n After work Proffan kellarin kabinetissa.&nbsp;<\/strong>Keskiviikkona on uusien v\u00e4it\u00f6skirjatutkijoiden orientaatiop\u00e4iv\u00e4. Ohjelman p\u00e4\u00e4tteeksi pid\u00e4mme DocSoBen After work -tapaamisen Proffan kellarin kabinetissa (2.krs) klo 17 alkaen. Tervetuloa aftereille tutustumaan uusiin v\u00e4it\u00f6skirjatutkijoihimme!&nbsp;<\/p>\n\n\n\n<p class=\"wp-block-paragraph\"><strong>pe 4.9. klo 10\u201312 | Kirjoitusty\u00f6paja hybridin\u00e4 Educariumilla ja Zoomissa.&nbsp;<\/strong>Kaipaatko rytmi\u00e4 ja motivaatiota kirjoittamiseen? Tule mukaan DocSoBen perjantaisiin kirjoitusty\u00f6pajoihin! Ty\u00f6pajassa voit ty\u00f6st\u00e4\u00e4 sinulle ajankohtaista teksti\u00e4 tai muuta teht\u00e4v\u00e4\u00e4 yhdess\u00e4 muiden v\u00e4it\u00f6skirjatutkijoiden kanssa kannustavassa vertaistuellisessa ilmapiiriss\u00e4 \u2013 voit siis vapaasti levitt\u00e4\u00e4 sanaa my\u00f6s v\u00e4it\u00f6skirjatutkijakollegoillesi. Ty\u00f6pajan vet\u00e4j\u00e4 huolehtii ty\u00f6skentelyn rytmist\u00e4 ja tauoista, jotta keskittyminen s\u00e4ilyy ja ty\u00f6 etenee. Tarjolla on kahvia ja pient\u00e4 naposteltavaa. \u2615\ufe0f<\/p>\n\n\n\n<p class=\"wp-block-paragraph\">Kirjoitusty\u00f6paja j\u00e4rjestet\u00e4\u00e4n kerran kuussa perjantaisin klo 10\u201312 hybridimuotoisena. Syyslukukauden ty\u00f6pajat pidet\u00e4\u00e4n 4.9., 2.10., 6.11. ja 4.12.\u00a0Educariumin kirjaston Montessori-huoneessa KH272. Et\u00e4osallistujat p\u00e4\u00e4sev\u00e4t mukaan t\u00e4m\u00e4n linkin kautta: <a href=\"https:\/\/utu.zoom.us\/j\/8529937751?omn=68880313908\">https:\/\/utu.zoom.us\/j\/8529937751?omn=68880313908<\/a> Meeting ID: 852 993 775.\u00a0Osallistuminen ei vaadi ilmoittautumista.\u00a0<\/p>\n\n\n\n<p class=\"wp-block-paragraph\"><strong>to 10.9. klo 17\u201319 | After work Proffan kellarissa.&nbsp;<\/strong>Vapaamuotoinen tapaaminen kaikille Turun yliopiston yhteiskunta- ja k\u00e4ytt\u00e4ytymistieteiden v\u00e4it\u00f6skirjatutkijoille. After work -tapaaminen j\u00e4rjestet\u00e4\u00e4n torstaisin parittomina viikkoina klo 17\u201319, ellei toisin ilmoiteta. Tervetuloa rentoutumaan ty\u00f6p\u00e4iv\u00e4n p\u00e4\u00e4tteeksi!<\/p>\n\n\n\n<p class=\"wp-block-paragraph\"><strong>ti<\/strong> <strong>15.9. klo 11 | Lounastapaaminen.<\/strong>&nbsp;Olitpa j\u00e4senemme tai et, olet l\u00e4mpim\u00e4sti tervetullut sy\u00f6m\u00e4\u00e4n lounasta seurassamme kerran kuussa j\u00e4rjestett\u00e4viss\u00e4 lounastapaamisissa! Olemme hieman muuttaneet kev\u00e4ist\u00e4 lounastapaamisen konseptia: nyt kokoonnumme Publicumin toisen kerroksen aulassa, josta l\u00e4hdemme yhdess\u00e4 kohti lounasravintolaa. Lounas on omakustanteinen. Osallistuminen ei vaadi ilmoittautumista.<\/p>\n\n\n\n<p class=\"wp-block-paragraph\"><strong>to 24.9. klo 17\u201319 | After work Proffan kellarissa.<\/strong><\/p>\n\n\n\n<p class=\"wp-block-paragraph\">DocSoBen hallituksen seuraava kokous pidet\u00e4\u00e4n <strong>ma 9.9. klo 14 alkaen<\/strong>. Mik\u00e4li haluat osallistua kokoukseen tai sinulla her\u00e4\u00e4 muuta kysytt\u00e4v\u00e4\u00e4 tapahtumiin liittyen, olethan matalalla kynnyksell\u00e4 yhteydess\u00e4 meihin s\u00e4hk\u00f6postitse (docsobe@utu.fi).<\/p>\n\n\n\n<p class=\"wp-block-paragraph\">Tervetuloa mukaan syksyn tapahtumiin!<\/p>\n\n\n\n<p class=\"wp-block-paragraph\"><strong>DocSoBe<\/strong><\/p>\n","protected":false},"excerpt":{"rendered":"<p>Hei kaikki! DocSoBe on palannut kes\u00e4tauolta ja t\u00e4ss\u00e4 viestiss\u00e4 seuraakin tietoa tapahtumistamme syyskuussa. Emme en\u00e4\u00e4 l\u00e4het\u00e4 erillisi\u00e4 muistutusviestej\u00e4 kaikista tapahtumista, joten laitathan ne yl\u00f6s kalenteriisi jo nyt!&nbsp; ke 2.9. klo 17 | Orientaatiop\u00e4iv\u00e4n After work Proffan kellarin kabinetissa.&nbsp;Keskiviikkona on uusien v\u00e4it\u00f6skirjatutkijoiden orientaatiop\u00e4iv\u00e4. Ohjelman p\u00e4\u00e4tteeksi pid\u00e4mme DocSoBen After work -tapaamisen Proffan kellarin kabinetissa (2.krs) klo 17&hellip;<\/p>\n<p class=\"more-link-wrapper\"><a class=\"more-link\" href=\"https:\/\/blogit.utu.fi\/docsobe\/fi\/2026\/08\/31\/docsoben-tapahtumat-syyskuussa-2026-2\/\">Continue<\/a><\/p>\n","protected":false},"author":27426,"featured_media":0,"comment_status":"open","ping_status":"open","sticky":false,"template":"","format":"standard","meta":{"footnotes":""},"categories":[12],"tags":[],"class_list":["post-323","post","type-post","status-publish","format-standard","hentry","category-tapahtumat"],"_links":{"self":[{"href":"https:\/\/blogit.utu.fi\/docsobe\/wp-json\/wp\/v2\/posts\/323","targetHints":{"allow":["GET"]}}],"collection":[{"href":"https:\/\/blogit.utu.fi\/docsobe\/wp-json\/wp\/v2\/posts"}],"about":[{"href":"https:\/\/blogit.utu.fi\/docsobe\/wp-json\/wp\/v2\/types\/post"}],"author":[{"embeddable":true,"href":"https:\/\/blogit.utu.fi\/docsobe\/wp-json\/wp\/v2\/users\/27426"}],"replies":[{"embeddable":true,"href":"https:\/\/blogit.utu.fi\/docsobe\/wp-json\/wp\/v2\/comments?post=323"}],"version-history":[{"count":3,"href":"https:\/\/blogit.utu.fi\/docsobe\/wp-json\/wp\/v2\/posts\/323\/revisions"}],"predecessor-version":[{"id":327,"href":"https:\/\/blogit.utu.fi\/docsobe\/wp-json\/wp\/v2\/posts\/323\/revisions\/327"}],"wp:attachment":[{"href":"https:\/\/blogit.utu.fi\/docsobe\/wp-json\/wp\/v2\/media?parent=323"}],"wp:term":[{"taxonomy":"category","embeddable":true,"href":"https:\/\/blogit.utu.fi\/docsobe\/wp-json\/wp\/v2\/categories?post=323"},{"taxonomy":"post_tag","embeddable":true,"href":"https:\/\/blogit.utu.fi\/docsobe\/wp-json\/wp\/v2\/tags?post=323"}],"curies":[{"name":"wp","href":"https:\/\/api.w.org\/{rel}","templated":true}]}}