{"id":2098,"date":"2017-12-02T08:00:43","date_gmt":"2017-12-02T06:00:43","guid":{"rendered":"https:\/\/blogit.utu.fi\/elamaaturussa\/?p=2098"},"modified":"2017-12-07T23:38:41","modified_gmt":"2017-12-07T21:38:41","slug":"lapset-joulu-lahenee","status":"publish","type":"post","link":"https:\/\/blogit.utu.fi\/elamaaturussa\/2017\/12\/02\/lapset-joulu-lahenee\/","title":{"rendered":"Lapset, joulu l\u00e4henee!"},"content":{"rendered":"<p><img loading=\"lazy\" decoding=\"async\" class=\"alignleft wp-image-2100\" src=\"https:\/\/blogit.utu.fi\/elamaaturussa\/wp-content\/uploads\/sites\/105\/2017\/11\/TS-0212.jpg\" alt=\"\" width=\"279\" height=\"352\" srcset=\"https:\/\/blogit.utu.fi\/elamaaturussa\/wp-content\/uploads\/sites\/105\/2017\/11\/TS-0212.jpg 377w, https:\/\/blogit.utu.fi\/elamaaturussa\/wp-content\/uploads\/sites\/105\/2017\/11\/TS-0212-238x300.jpg 238w\" sizes=\"auto, (max-width: 279px) 100vw, 279px\" \/>Ensimm\u00e4ist\u00e4 adventtia vietettiin vuonna 1917 sunnuntaina 2. joulukuuta. Olot olivat ankeat, ja huoli tulevaisuudesta kaikkien mieless\u00e4. <em>Turun Sanomien <\/em>sunnuntailiitteess\u00e4 oli tavan mukaan paljon puuhasteltavaa lapsille, tarinoita ja teht\u00e4vi\u00e4, ja my\u00f6s joulun l\u00e4heisyytt\u00e4 k\u00e4siteltiin lyhyesti kirjoituksessa &#8221;Lapset, joulu l\u00e4henee!&#8221; Sen keskeinen sis\u00e4lt\u00f6 oli varautumisessa siihen, ett\u00e4 niukkuuden keskell\u00e4 joululahjoja ei kenties olisi odotettavissa aiempien joulujen tapaan:<\/p>\n<p>&#8221;Teiss\u00e4, lapset, her\u00e4tt\u00e4\u00e4 varmaan suurta huolestumista se, ett\u00e4 joulu l\u00e4henee, ja teille ovat vanhempanne vakuuttaneet, ettei tulevana jouluna voi teille hankkia tavanmukaisia joululahjoja. Syyn siihen ymm\u00e4rr\u00e4tte. on niin kova aika. Kaikki maksaa nyt paljon, eik\u00e4 vanhemmillanne ole varoja.&#8221;<\/p>\n<p>Kysymys oli tietysti ajankohtainen siin\u00e4kin mieless\u00e4, ett\u00e4 kolmasosa suomalaisista oli vuonna 1917 alle 14-vuotiaita. Lahjojen tarvitsijoita oli paljon. Sunnuntailiitteen kirjoitus korosti, miten t\u00e4rke\u00e4\u00e4 oli keskustella vanhempien ja lasten kesken:<\/p>\n<p>&#8221;Joulupyhin\u00e4 teid\u00e4n, lapset, sopii mainiosti keskustella vanhempienne kanssa sattuneista tapauksista. On n\u00e4et vanhentunut k\u00e4sitys, ettei muka lasten sovi sekaantua vanhempien ihmisten asioihin. Kun astutte yksin maailmanrantaa, niin kummastellen suhtaudutte moniin seikkoihin, joihin teill\u00e4 ei ole v\u00e4h\u00e4\u00e4k\u00e4\u00e4n tuntemusta.&#8221;<\/p>\n<p><img loading=\"lazy\" decoding=\"async\" class=\" wp-image-2110 alignright\" src=\"https:\/\/blogit.utu.fi\/elamaaturussa\/wp-content\/uploads\/sites\/105\/2017\/12\/joulu.jpg\" alt=\"\" width=\"222\" height=\"201\" \/>Kaiken t\u00e4m\u00e4n keskell\u00e4 joululahjamarkkinat olivat kuitenkin olemassa. Saman p\u00e4iv\u00e4n <em>Turun Sanomissa<\/em> salolainen Erik Nordlin Osakeyhti\u00f6 lupasi mainoksessaan, ett\u00e4 &#8221;jouluksi saapuu suuri varasto leikkikaluja sek\u00e4 muita kauniita joululahjoja&#8221;.<\/p>\n<p>\u2013 H. S-i<\/p>\n<p>&nbsp;<\/p>\n","protected":false},"excerpt":{"rendered":"<p>Ensimm\u00e4ist\u00e4 adventtia vietettiin vuonna 1917 sunnuntaina 2. joulukuuta. Olot olivat ankeat, ja huoli tulevaisuudesta kaikkien mieless\u00e4. Turun Sanomien sunnuntailiitteess\u00e4 oli tavan mukaan paljon puuhasteltavaa lapsille, tarinoita ja teht\u00e4vi\u00e4, ja my\u00f6s joulun l\u00e4heisyytt\u00e4 k\u00e4siteltiin lyhyesti kirjoituksessa &#8221;Lapset, joulu l\u00e4henee!&#8221; Sen keskeinen sis\u00e4lt\u00f6 oli varautumisessa siihen, ett\u00e4 niukkuuden keskell\u00e4 joululahjoja ei kenties olisi odotettavissa aiempien joulujen tapaan:&nbsp;&#8230;<\/p>\n","protected":false},"author":29,"featured_media":0,"comment_status":"open","ping_status":"open","sticky":false,"template":"","format":"standard","meta":{"footnotes":""},"categories":[179],"tags":[388],"class_list":["post-2098","post","type-post","status-publish","format-standard","hentry","category-arki","tag-joulu"],"_links":{"self":[{"href":"https:\/\/blogit.utu.fi\/elamaaturussa\/wp-json\/wp\/v2\/posts\/2098","targetHints":{"allow":["GET"]}}],"collection":[{"href":"https:\/\/blogit.utu.fi\/elamaaturussa\/wp-json\/wp\/v2\/posts"}],"about":[{"href":"https:\/\/blogit.utu.fi\/elamaaturussa\/wp-json\/wp\/v2\/types\/post"}],"author":[{"embeddable":true,"href":"https:\/\/blogit.utu.fi\/elamaaturussa\/wp-json\/wp\/v2\/users\/29"}],"replies":[{"embeddable":true,"href":"https:\/\/blogit.utu.fi\/elamaaturussa\/wp-json\/wp\/v2\/comments?post=2098"}],"version-history":[{"count":4,"href":"https:\/\/blogit.utu.fi\/elamaaturussa\/wp-json\/wp\/v2\/posts\/2098\/revisions"}],"predecessor-version":[{"id":2113,"href":"https:\/\/blogit.utu.fi\/elamaaturussa\/wp-json\/wp\/v2\/posts\/2098\/revisions\/2113"}],"wp:attachment":[{"href":"https:\/\/blogit.utu.fi\/elamaaturussa\/wp-json\/wp\/v2\/media?parent=2098"}],"wp:term":[{"taxonomy":"category","embeddable":true,"href":"https:\/\/blogit.utu.fi\/elamaaturussa\/wp-json\/wp\/v2\/categories?post=2098"},{"taxonomy":"post_tag","embeddable":true,"href":"https:\/\/blogit.utu.fi\/elamaaturussa\/wp-json\/wp\/v2\/tags?post=2098"}],"curies":[{"name":"wp","href":"https:\/\/api.w.org\/{rel}","templated":true}]}}