{"id":2487,"date":"2017-12-20T08:00:00","date_gmt":"2017-12-20T06:00:00","guid":{"rendered":"https:\/\/blogit.utu.fi\/elamaaturussa\/?p=2487"},"modified":"2017-12-15T14:43:52","modified_gmt":"2017-12-15T12:43:52","slug":"ukraina-ei-pelkaa","status":"publish","type":"post","link":"https:\/\/blogit.utu.fi\/elamaaturussa\/2017\/12\/20\/ukraina-ei-pelkaa\/","title":{"rendered":"\u201dUkraina ei pelk\u00e4\u00e4\u201d"},"content":{"rendered":"<p>Ulkomaiden kriisit saivat taas aiempaa enemm\u00e4n tilaa lehdiss\u00e4, mik\u00e4 osaltaan kertoi tilanteen Turussa rauhoittuneen. Ven\u00e4j\u00e4lt\u00e4 raportoitiin, ett\u00e4 Ukraina aikoo taistella bolsevikkeja vastaan. Viereisell\u00e4 <em>Turun Sanomien<\/em> palstalla luki, ett\u00e4 sota n\u00e4iden v\u00e4lill\u00e4 on jo alkanut. <em>\u00c5bo Underr\u00e4ttelser<\/em> koosti lyhyit\u00e4 tiedotteita eri rintamilta: It\u00e4valta ilmoitti hy\u00f6kk\u00e4yksens\u00e4 Italiaan menestyv\u00e4n. Niin ik\u00e4\u00e4n kerrottiin rauhanneuvotteluista, joilla bolsevikit pyrkiv\u00e4t irrottamaan Ven\u00e4j\u00e4n sodasta.<\/p>\n<p><img loading=\"lazy\" decoding=\"async\" class=\" wp-image-2493 aligncenter\" src=\"https:\/\/blogit.utu.fi\/elamaaturussa\/wp-content\/uploads\/sites\/105\/2017\/12\/Turun-hirmunp\u00e4iv\u00e4t-TS-20-12-1917-1024x385.jpg\" alt=\"\" width=\"763\" height=\"287\" srcset=\"https:\/\/blogit.utu.fi\/elamaaturussa\/wp-content\/uploads\/sites\/105\/2017\/12\/Turun-hirmunp\u00e4iv\u00e4t-TS-20-12-1917-1024x385.jpg 1024w, https:\/\/blogit.utu.fi\/elamaaturussa\/wp-content\/uploads\/sites\/105\/2017\/12\/Turun-hirmunp\u00e4iv\u00e4t-TS-20-12-1917-300x113.jpg 300w, https:\/\/blogit.utu.fi\/elamaaturussa\/wp-content\/uploads\/sites\/105\/2017\/12\/Turun-hirmunp\u00e4iv\u00e4t-TS-20-12-1917-768x289.jpg 768w, https:\/\/blogit.utu.fi\/elamaaturussa\/wp-content\/uploads\/sites\/105\/2017\/12\/Turun-hirmunp\u00e4iv\u00e4t-TS-20-12-1917.jpg 1599w\" sizes=\"auto, (max-width: 763px) 100vw, 763px\" \/>Joulun tuloon liittyv\u00e4t ilmoitukset laajenivat aiemmasta, vaikka samalla esimerkiksi <em>Turun Sanomat<\/em> kokosi ja kertasi viime p\u00e4ivien kauhunhetki\u00e4 kuvituksen voimalla. Kahden sivun p\u00e4\u00e4ss\u00e4 \u201dKirjatoukka\u201d esitteli t\u00e4ll\u00e4 kertaa kustannusyhti\u00f6 Kirjan joulukirjallisuutta. Lukeva mato tiesi kertoa, ett\u00e4 Ilmari Kiannon <em>Avioliitto<\/em>\u00a0[<em>Avioliitto: tarina tuhansien joukosta<\/em>. Kirja 1917] oli Turussa parhaiten myynyt kirja. Omael\u00e4m\u00e4kerrallinen teos paljasti muun muassa tunnetun kirjailijan sukupuoliel\u00e4m\u00e4n yksityiskohtia. Axel Wiklundin liike tarjosi jouluostoksiksi muun muassa urheiluv\u00e4lineit\u00e4 ja pajuhuonekaluja (videm\u00f6bler).<\/p>\n<p><img loading=\"lazy\" decoding=\"async\" class=\"wp-image-2490 aligncenter\" src=\"https:\/\/blogit.utu.fi\/elamaaturussa\/wp-content\/uploads\/sites\/105\/2017\/12\/Julklappar-\u00c5bo-Underr-20-12-1917-1024x294.jpg\" alt=\"\" width=\"449\" height=\"129\" srcset=\"https:\/\/blogit.utu.fi\/elamaaturussa\/wp-content\/uploads\/sites\/105\/2017\/12\/Julklappar-\u00c5bo-Underr-20-12-1917-1024x294.jpg 1024w, https:\/\/blogit.utu.fi\/elamaaturussa\/wp-content\/uploads\/sites\/105\/2017\/12\/Julklappar-\u00c5bo-Underr-20-12-1917-300x86.jpg 300w, https:\/\/blogit.utu.fi\/elamaaturussa\/wp-content\/uploads\/sites\/105\/2017\/12\/Julklappar-\u00c5bo-Underr-20-12-1917-768x220.jpg 768w, https:\/\/blogit.utu.fi\/elamaaturussa\/wp-content\/uploads\/sites\/105\/2017\/12\/Julklappar-\u00c5bo-Underr-20-12-1917.jpg 1091w\" sizes=\"auto, (max-width: 449px) 100vw, 449px\" \/><\/p>\n<p>\u2013 P-i. P.<\/p>\n","protected":false},"excerpt":{"rendered":"<p>Ulkomaiden kriisit saivat taas aiempaa enemm\u00e4n tilaa lehdiss\u00e4, mik\u00e4 osaltaan kertoi tilanteen Turussa rauhoittuneen. Ven\u00e4j\u00e4lt\u00e4 raportoitiin, ett\u00e4 Ukraina aikoo taistella bolsevikkeja vastaan. Viereisell\u00e4 Turun Sanomien palstalla luki, ett\u00e4 sota n\u00e4iden v\u00e4lill\u00e4 on jo alkanut. \u00c5bo Underr\u00e4ttelser koosti lyhyit\u00e4 tiedotteita eri rintamilta: It\u00e4valta ilmoitti hy\u00f6kk\u00e4yksens\u00e4 Italiaan menestyv\u00e4n. Niin ik\u00e4\u00e4n kerrottiin rauhanneuvotteluista, joilla bolsevikit pyrkiv\u00e4t irrottamaan Ven\u00e4j\u00e4n&nbsp;&#8230;<\/p>\n","protected":false},"author":4204,"featured_media":0,"comment_status":"open","ping_status":"open","sticky":false,"template":"","format":"standard","meta":{"footnotes":""},"categories":[77],"tags":[388],"class_list":["post-2487","post","type-post","status-publish","format-standard","hentry","category-politiikka","tag-joulu"],"_links":{"self":[{"href":"https:\/\/blogit.utu.fi\/elamaaturussa\/wp-json\/wp\/v2\/posts\/2487","targetHints":{"allow":["GET"]}}],"collection":[{"href":"https:\/\/blogit.utu.fi\/elamaaturussa\/wp-json\/wp\/v2\/posts"}],"about":[{"href":"https:\/\/blogit.utu.fi\/elamaaturussa\/wp-json\/wp\/v2\/types\/post"}],"author":[{"embeddable":true,"href":"https:\/\/blogit.utu.fi\/elamaaturussa\/wp-json\/wp\/v2\/users\/4204"}],"replies":[{"embeddable":true,"href":"https:\/\/blogit.utu.fi\/elamaaturussa\/wp-json\/wp\/v2\/comments?post=2487"}],"version-history":[{"count":3,"href":"https:\/\/blogit.utu.fi\/elamaaturussa\/wp-json\/wp\/v2\/posts\/2487\/revisions"}],"predecessor-version":[{"id":2499,"href":"https:\/\/blogit.utu.fi\/elamaaturussa\/wp-json\/wp\/v2\/posts\/2487\/revisions\/2499"}],"wp:attachment":[{"href":"https:\/\/blogit.utu.fi\/elamaaturussa\/wp-json\/wp\/v2\/media?parent=2487"}],"wp:term":[{"taxonomy":"category","embeddable":true,"href":"https:\/\/blogit.utu.fi\/elamaaturussa\/wp-json\/wp\/v2\/categories?post=2487"},{"taxonomy":"post_tag","embeddable":true,"href":"https:\/\/blogit.utu.fi\/elamaaturussa\/wp-json\/wp\/v2\/tags?post=2487"}],"curies":[{"name":"wp","href":"https:\/\/api.w.org\/{rel}","templated":true}]}}