{"id":3,"date":"2016-11-17T10:02:32","date_gmt":"2016-11-17T10:02:32","guid":{"rendered":"https:\/\/blogit.utu.fi\/elamanlangat\/?p=1"},"modified":"2016-12-01T16:42:50","modified_gmt":"2016-12-01T14:42:50","slug":"tutkimuspolku","status":"publish","type":"post","link":"https:\/\/blogit.utu.fi\/elamanlangat\/2016\/11\/17\/tutkimuspolku\/","title":{"rendered":""},"content":{"rendered":"<p><strong>TUTKIMUSPOLUN ALKUL\u00c4HTEILT\u00c4 \u2013 SEKOITUS SATTUMAA, JAETTUA INNOSTUSTA, SYD\u00c4MEN PALOA JA MATKAN VARRELLA MUKAAN TARTTUNUTTA VIISAUTTA JA YMM\u00c4RRYST\u00c4<\/strong><\/p>\n<p>Mik\u00e4 sai liiketaloustieteilij\u00e4t kiinnostumaan sidoksista, tunteista ja haavoittuvista kuluttajista? Kipin\u00e4 t\u00e4h\u00e4n tutkimukseen syttyi sattumalta, kun huomasimme, ett\u00e4 Turun yliopiston kauppakorkeakoulun markkinoinnin ja kansainv\u00e4lisen liiketoiminnan laitoksella viereisiss\u00e4 huoneissa tutkimme samankaltaista asiaa eri l\u00e4ht\u00f6kohdista. Toisella oli tutkimuskohteena kiinnostava ilmi\u00f6: start-up -yritys, joka halusi tehd\u00e4 aivan uudenlaisen tuotteen vastaamaan suuren henkil\u00f6kohtaisen menetyksen kokeneiden henkil\u00f6iden tarpeita. Toinen oli tutkinut ihmisten tiedostamattomia tarpeita ja tunteita. Kolmas mietti tahollaan, miten vanhuspalveluja ja niiden parissa koettavia tunteita voisi tutkia palvelun\u00e4k\u00f6kulmasta. Synergia oli ilmeinen ja innostus suuri. Meist\u00e4 tuntui, ett\u00e4 t\u00e4llaista tutkimusta tarvittiin nimenomaan liiketaloustieteiss\u00e4, sill\u00e4 viimeaikainen keskustelu esimerkiksi sote-uudistukseen liittyen oli keskittynyt l\u00e4hes yksinomaan rakenteiden ja prosessien tehostamiseen. Ihminen oli unohtunut.<\/p>\n<p>Polku on ollut pitk\u00e4, polveileva ja opettava. Heti alusta asti oli selv\u00e4\u00e4, ett\u00e4 vaikka liiketaloustieteilij\u00f6in\u00e4 meill\u00e4 on tietoa kuluttajien tarpeista, asiakaskokemuksista, palvelun tuottamisesta ja innovaatioiden omaksumisesta, meill\u00e4 ei ole koulutusta eik\u00e4 kompetenssia sukeltaa haavoittuvan kuluttajan \u2013 vakavasti sairastuneen tai h\u00e4nen l\u00e4heisens\u00e4 tai l\u00e4heisens\u00e4 menett\u00e4neen \u2013 sielun maisemaan. Tarvitsimme muiden tieteenalojen osaamista. Tarvitsimme my\u00f6s oikeantyyppisi\u00e4 ihmisi\u00e4, jotka ovat ennakkoluulottomia. Monitieteinen tutkimusyhteisty\u00f6 vaatii joustavaa mielt\u00e4. Jos maailman n\u00e4kee pelk\u00e4st\u00e4\u00e4n oman tieteenalan k\u00e4sitteist\u00f6n ja menetelmien n\u00e4k\u00f6kulmasta, voi ahdistus est\u00e4\u00e4 kaiken uuden luomisen. Aidosti monitieteinen tutkimusyhteisty\u00f6 on my\u00f6s normaalia hitaampaa. Mukana olevilla on oltava t\u00e4rke\u00e4mpi\u00e4 motiiveja kuin oman CV:n rakentaminen. Vuosien kuluessa olemme solmineet tiiviin tutkimusryhm\u00e4n, johon kuuluu liiketaloustieteilij\u00f6iden lis\u00e4ksi edustajia psykologiasta, l\u00e4\u00e4ketieteest\u00e4, hoitotieteest\u00e4, filosofiasta, tietoj\u00e4rjestelm\u00e4tieteest\u00e4, neurologiasta ja etnologiasta. Osa heist\u00e4 on l\u00f6ytynyt ulkomaalaisista yliopistoista, osa on vuosien takaisia kollegoita Suomesta. Joukossa on tutkijoita kuuluisista professoreista tohtoriopiskelijoihin. Kaikkia yhdist\u00e4\u00e4 se, ett\u00e4 he ovat \u00e4\u00e4rimm\u00e4isen innostuneita tutkimuksestamme ja he ovat mukana hankkeessa sek\u00e4 syd\u00e4mell\u00e4 ett\u00e4 j\u00e4rjell\u00e4.<\/p>\n<p>Alusta pit\u00e4en toimintaamme on leimannut suuri innostus, mutta my\u00f6s varovaisuus. My\u00f6nsimme, ettemme oikein tienneet, millaiselle kent\u00e4lle olimme astumassa. Olemme olleet monessa asiassa pioneereja. Kun liiketaloustieteilij\u00f6in\u00e4 haimme lupaa Turun yliopiston eettiselt\u00e4 toimikunnalta menn\u00e4 hoivakotiin tutkimaan hoivakodin asukkaiden ja heid\u00e4n l\u00e4heistens\u00e4 tarpeita, aiheutti se keskustelua. Saako t\u00e4t\u00e4 tutkia? Kuka saa tutkia t\u00e4t\u00e4? Prosessi oli hyvin opettavainen \u2013 ja saimme luvan! Olemme olleet jo kolmena vuonna ainoat liiketaloustieteilij\u00e4t vuotuisessa surua ja kuolemaa k\u00e4sittelev\u00e4ss\u00e4 Surukonferenssissa. Yleis\u00f6n\u00e4 on paitsi tieteentekij\u00f6it\u00e4 my\u00f6s sosiaali- ja terveydenhoitoalan ty\u00f6ntekij\u00f6it\u00e4, muita surevia ihmisi\u00e4 ty\u00f6ss\u00e4\u00e4n kohtaavia sek\u00e4 l\u00e4heisens\u00e4 menett\u00e4neit\u00e4. Meille se on \u00e4\u00e4rimm\u00e4isen t\u00e4rke\u00e4 paikka peilata tutkimustulostemme k\u00e4yt\u00e4nn\u00f6n arvoa. Yleis\u00f6lt\u00e4 tullut suora palaute esitystemme j\u00e4lkeen on my\u00f6s vahvistanut tutkimusmotivaatiotamme: Kaikkein haavoittuvimpien kuluttajien tarpeita ei ole tarpeeksi huomioitu nykyisiss\u00e4 julkisissa eik\u00e4 yksityisiss\u00e4 palveluissa.<\/p>\n<p>Kauppakorkeakoululaisina meille on luontaista tehd\u00e4 jatkuvaa yhteisty\u00f6t\u00e4 k\u00e4yt\u00e4nn\u00f6n toimijoiden kanssa. T\u00e4m\u00e4 antaa meille uutta sy\u00f6tett\u00e4 tutkimukseen ja takaa tutkimustulosten k\u00e4yt\u00e4nn\u00f6n hy\u00f6dyn. Olemme pohtineet lukuisissa palavereissa Turun yliopiston l\u00e4\u00e4ketieteellisen tiedekunnan koulutuksen tutkimus- ja kehitt\u00e4misyksik\u00f6n johtajan kanssa, miten tutkimuksemme voisi l\u00e4\u00e4k\u00e4rikoulutusta hy\u00f6dytt\u00e4\u00e4, olemme miettineet Lounais-Suomen Sy\u00f6p\u00e4yhdistyksen toimitusjohtajan kanssa sy\u00f6p\u00e4potilaiden ja heid\u00e4n l\u00e4heistens\u00e4 tarpeita ja olemme keskustelleet Mikaelinseurakunnan kirkkoherran kanssa niist\u00e4 tarpeista, joita yksin\u00e4iset ja ik\u00e4\u00e4ntyneet kohtaavat. Yhteisty\u00f6kumppanimme ovat tehneet meid\u00e4t paljon viisaammiksi.<\/p>\n<p><em>T\u00e4n\u00e4\u00e4n, 17.11.2016, olemme saaneet tunnustusta Emil Aaltosen S\u00e4\u00e4ti\u00f6lt\u00e4 siit\u00e4, ett\u00e4 valitsemamme tutkimuspolku on ollut oikea. Sen alkutaival on ollut sekoitus sattumaa, jaettua innostusta, syd\u00e4men paloa ja matkan varrella mukaan tarttunutta viisautta ja ymm\u00e4rryst\u00e4 siit\u00e4, ett\u00e4 olemme tekem\u00e4ss\u00e4 merkityksellist\u00e4 tutkimusta aiheesta, jonka \u00e4\u00e4rell\u00e4 emme voi olla muuta kuin n\u00f6yri\u00e4.<\/em><\/p>\n<p><em>Birgitta, Leila &amp; Henna<\/em><\/p>\n","protected":false},"excerpt":{"rendered":"<p>TUTKIMUSPOLUN ALKUL\u00c4HTEILT\u00c4 \u2013 SEKOITUS SATTUMAA, JAETTUA INNOSTUSTA, SYD\u00c4MEN PALOA JA MATKAN VARRELLA MUKAAN TARTTUNUTTA VIISAUTTA JA YMM\u00c4RRYST\u00c4 Mik\u00e4 sai liiketaloustieteilij\u00e4t kiinnostumaan sidoksista, tunteista ja haavoittuvista kuluttajista? Kipin\u00e4 t\u00e4h\u00e4n tutkimukseen syttyi sattumalta, kun huomasimme, ett\u00e4 Turun yliopiston kauppakorkeakoulun markkinoinnin ja kansainv\u00e4lisen liiketoiminnan laitoksella viereisiss\u00e4 huoneissa tutkimme samankaltaista asiaa eri l\u00e4ht\u00f6kohdista. Toisella oli tutkimuskohteena kiinnostava ilmi\u00f6: start-up [&hellip;]<\/p>\n","protected":false},"author":1145,"featured_media":0,"comment_status":"open","ping_status":"open","sticky":false,"template":"","format":"standard","meta":{"footnotes":""},"categories":[1],"tags":[],"class_list":["post-3","post","type-post","status-publish","format-standard","hentry","category-uncategorized","post-preview"],"_links":{"self":[{"href":"https:\/\/blogit.utu.fi\/elamanlangat\/wp-json\/wp\/v2\/posts\/3","targetHints":{"allow":["GET"]}}],"collection":[{"href":"https:\/\/blogit.utu.fi\/elamanlangat\/wp-json\/wp\/v2\/posts"}],"about":[{"href":"https:\/\/blogit.utu.fi\/elamanlangat\/wp-json\/wp\/v2\/types\/post"}],"author":[{"embeddable":true,"href":"https:\/\/blogit.utu.fi\/elamanlangat\/wp-json\/wp\/v2\/users\/1145"}],"replies":[{"embeddable":true,"href":"https:\/\/blogit.utu.fi\/elamanlangat\/wp-json\/wp\/v2\/comments?post=3"}],"version-history":[{"count":3,"href":"https:\/\/blogit.utu.fi\/elamanlangat\/wp-json\/wp\/v2\/posts\/3\/revisions"}],"predecessor-version":[{"id":63,"href":"https:\/\/blogit.utu.fi\/elamanlangat\/wp-json\/wp\/v2\/posts\/3\/revisions\/63"}],"wp:attachment":[{"href":"https:\/\/blogit.utu.fi\/elamanlangat\/wp-json\/wp\/v2\/media?parent=3"}],"wp:term":[{"taxonomy":"category","embeddable":true,"href":"https:\/\/blogit.utu.fi\/elamanlangat\/wp-json\/wp\/v2\/categories?post=3"},{"taxonomy":"post_tag","embeddable":true,"href":"https:\/\/blogit.utu.fi\/elamanlangat\/wp-json\/wp\/v2\/tags?post=3"}],"curies":[{"name":"wp","href":"https:\/\/api.w.org\/{rel}","templated":true}]}}