{"id":242,"date":"2018-12-19T08:40:06","date_gmt":"2018-12-19T08:40:06","guid":{"rendered":"https:\/\/blogit.utu.fi\/johtaminenjaorganisointi\/?p=242"},"modified":"2018-12-19T08:40:54","modified_gmt":"2018-12-19T08:40:54","slug":"we-have-a-dream-turun-kauppakorkeakoulun-vastuullisuusverkosto","status":"publish","type":"post","link":"https:\/\/blogit.utu.fi\/johtaminenjaorganisointi\/we-have-a-dream-turun-kauppakorkeakoulun-vastuullisuusverkosto\/","title":{"rendered":"We have a dream \u2013 Turun kauppakorkeakoulun vastuullisuusverkosto"},"content":{"rendered":"<p><span style=\"color: #000000;font-family: Calibri\">Turun kauppakorkeakoululla on vahvat perinteet vastuullisen liiketoiminnan saralla: vastuullisen liiketoiminnan opintokokonaisuus, erilaiset vastuullisuusteemaiset tutkimus- ja yhteisty\u00f6hankkeet, opinn\u00e4ytety\u00f6t sek\u00e4 kaikki oppiaineet l\u00e4pileikkaava ajatus vastuullisten liike-el\u00e4m\u00e4n toimijoiden kouluttamisesta. T\u00e4lle vankalle pohjalle aloimme viime kev\u00e4\u00e4n\u00e4 luoda vastuullisuusverkostoa eli responsible business networkia (tuttavallisemmin RBN). Tavoitteenamme oli \u2013 ja on edelleen \u2013 tehd\u00e4 n\u00e4kyv\u00e4mm\u00e4ksi se, mit\u00e4 kaikkea t\u00e4ll\u00e4 saralla kauppakorkeakoulussamme jo tehd\u00e4\u00e4n, saattaa yhteen vastuullisuudesta kiinnostuneita toimijoita uusien (yhteisty\u00f6)mahdollisuuksien \u00e4\u00e4relle ja l\u00f6yt\u00e4\u00e4 ratkaisuja kest\u00e4v\u00e4mp\u00e4\u00e4n huomiseen. Olemmekin ylpeit\u00e4 voidessamme kertoa, ett\u00e4 RBN-j\u00e4seniksi on t\u00e4h\u00e4n menness\u00e4 ilmoittautunut jo reilut viisikymment\u00e4 vastuullisuudesta tavalla tai toisella kiinnostunutta koulumme tutkijaa, opettajaa, muuta henkil\u00f6kunnan j\u00e4sent\u00e4 ja jatko-opiskelijaa. <\/span><\/p>\n<p><span style=\"color: #000000;font-family: Calibri\">J\u00e4rjestimme verkoston kick-off-tilaisuuden marraskuussa, ja paikalle p\u00e4\u00e4si reilu 20-henkinen vastuullisuudesta kiinnostunut joukko. Oli hienoa huomata, ett\u00e4 t\u00e4ss\u00e4 porukassa ideoita ja energiaa olisi varmasti riitt\u00e4nyt useampaankin workshopiin! Tilaisuuden aikana kartoitimme vahvuuksiamme ja osaamistamme vastuullisuuden saralla sek\u00e4 keskustelimme verkoston toimintatavoista ja tavoitteista. L\u00e4hdimme my\u00f6s yhdess\u00e4 pohtimaan konkreettisia ratkaisuja, miten voisimme kasvattaa vastuullisuusteemojen osuutta opetuksessa, jatko-opinnoissa, yhteiskunnallisessa vaikuttamisessa sek\u00e4 tutkimuksessa. Tilaisuus poiki monia hienoja ja toteuttamiskelpoisia ehdotuksia, joita vastuuhenkil\u00f6t tahoillaan viev\u00e4t eteenp\u00e4in. <\/span><\/p>\n<p><span style=\"color: #000000;font-family: Calibri\">RBN on nyt ottanut ensiaskeleensa ja l\u00e4htee innolla uuteen vuoteen. Ensi vuodelle verkostolla on suunnitteilla mm. seminaareja, koulutuksia ja tunnustuksia. Tavoitteenamme on luoda koulumme vastuullisuusverkostosta vahva toimija, jossa osaaminen, ymm\u00e4rrys, into, taito sek\u00e4 toteutus ja tekeminen yhdistyv\u00e4t. <\/span><\/p>\n<p><span style=\"color: #000000;font-family: Calibri\">Meill\u00e4 RBN:l\u00e4isill\u00e4 on unelma kest\u00e4v\u00e4mm\u00e4st\u00e4 ja vastuullisemmasta huomisesta \u2013 ja nyt on aika k\u00e4\u00e4ri\u00e4 hihat ja tehd\u00e4 t\u00f6it\u00e4 sen toteutumiseksi! Mik\u00e4 on sinun seuraava vastuullisuustekosi?<\/span><\/p>\n<p><span style=\"color: #000000;font-family: Calibri\"><img loading=\"lazy\" decoding=\"async\" class=\"size-medium wp-image-245 alignleft\" src=\"https:\/\/blogit.utu.fi\/johtaminenjaorganisointi\/wp-content\/uploads\/sites\/160\/2018\/12\/Elina-300x200.jpg\" alt=\"\" width=\"300\" height=\"200\" srcset=\"https:\/\/blogit.utu.fi\/johtaminenjaorganisointi\/wp-content\/uploads\/sites\/160\/2018\/12\/Elina-300x200.jpg 300w, https:\/\/blogit.utu.fi\/johtaminenjaorganisointi\/wp-content\/uploads\/sites\/160\/2018\/12\/Elina-768x512.jpg 768w, https:\/\/blogit.utu.fi\/johtaminenjaorganisointi\/wp-content\/uploads\/sites\/160\/2018\/12\/Elina-1024x683.jpg 1024w, https:\/\/blogit.utu.fi\/johtaminenjaorganisointi\/wp-content\/uploads\/sites\/160\/2018\/12\/Elina-676x451.jpg 676w\" sizes=\"auto, (max-width: 300px) 100vw, 300px\" \/><\/span><\/p>\n<p><span style=\"color: #000000;font-family: Calibri\">Elina Honkasalo<br \/>\n<\/span><span style=\"color: #000000;font-family: Calibri\">Vastuullisuuskoordinaattori<br \/>\n<\/span><span style=\"color: #000000;font-family: Calibri\">Tohtorikoulutettava<br \/>\n<\/span><span style=\"color: #000000;font-family: Calibri\">Johtaminen ja organisointi<br \/>\n<\/span><span style=\"color: #000000;font-family: Calibri\">Turun kauppakorkeakoulu<br \/>\n<\/span><span style=\"color: #000000;font-family: Calibri\">Turun yliopisto<\/span><\/p>\n","protected":false},"excerpt":{"rendered":"<p>Turun kauppakorkeakoululla on vahvat perinteet vastuullisen liiketoiminnan saralla: vastuullisen liiketoiminnan opintokokonaisuus, erilaiset vastuullisuusteemaiset tutkimus- ja yhteisty\u00f6hankkeet, opinn\u00e4ytety\u00f6t sek\u00e4 kaikki oppiaineet l\u00e4pileikkaava ajatus vastuullisten liike-el\u00e4m\u00e4n toimijoiden kouluttamisesta. T\u00e4lle vankalle pohjalle aloimme viime kev\u00e4\u00e4n\u00e4 luoda vastuullisuusverkostoa eli responsible business networkia (tuttavallisemmin RBN). Tavoitteenamme oli \u2013 ja on edelleen \u2013 tehd\u00e4 n\u00e4kyv\u00e4mm\u00e4ksi se, mit\u00e4 kaikkea t\u00e4ll\u00e4 saralla kauppakorkeakoulussamme [&hellip;]<\/p>\n","protected":false},"author":3294,"featured_media":0,"comment_status":"open","ping_status":"open","sticky":false,"template":"","format":"standard","meta":{"footnotes":""},"categories":[7,10,3],"tags":[53,56],"class_list":["post-242","post","type-post","status-publish","format-standard","hentry","category-opiskelu","category-tapahtumat","category-tutkimus","tag-vastuullisuus","tag-verkosto","post-preview"],"_links":{"self":[{"href":"https:\/\/blogit.utu.fi\/johtaminenjaorganisointi\/wp-json\/wp\/v2\/posts\/242","targetHints":{"allow":["GET"]}}],"collection":[{"href":"https:\/\/blogit.utu.fi\/johtaminenjaorganisointi\/wp-json\/wp\/v2\/posts"}],"about":[{"href":"https:\/\/blogit.utu.fi\/johtaminenjaorganisointi\/wp-json\/wp\/v2\/types\/post"}],"author":[{"embeddable":true,"href":"https:\/\/blogit.utu.fi\/johtaminenjaorganisointi\/wp-json\/wp\/v2\/users\/3294"}],"replies":[{"embeddable":true,"href":"https:\/\/blogit.utu.fi\/johtaminenjaorganisointi\/wp-json\/wp\/v2\/comments?post=242"}],"version-history":[{"count":2,"href":"https:\/\/blogit.utu.fi\/johtaminenjaorganisointi\/wp-json\/wp\/v2\/posts\/242\/revisions"}],"predecessor-version":[{"id":254,"href":"https:\/\/blogit.utu.fi\/johtaminenjaorganisointi\/wp-json\/wp\/v2\/posts\/242\/revisions\/254"}],"wp:attachment":[{"href":"https:\/\/blogit.utu.fi\/johtaminenjaorganisointi\/wp-json\/wp\/v2\/media?parent=242"}],"wp:term":[{"taxonomy":"category","embeddable":true,"href":"https:\/\/blogit.utu.fi\/johtaminenjaorganisointi\/wp-json\/wp\/v2\/categories?post=242"},{"taxonomy":"post_tag","embeddable":true,"href":"https:\/\/blogit.utu.fi\/johtaminenjaorganisointi\/wp-json\/wp\/v2\/tags?post=242"}],"curies":[{"name":"wp","href":"https:\/\/api.w.org\/{rel}","templated":true}]}}