{"id":260,"date":"2019-02-25T12:54:49","date_gmt":"2019-02-25T12:54:49","guid":{"rendered":"https:\/\/blogit.utu.fi\/johtaminenjaorganisointi\/?p=260"},"modified":"2019-02-26T07:11:06","modified_gmt":"2019-02-26T07:11:06","slug":"johtamisen-ja-organisoinnin-yrittajyyden-ainejarjeston-uusi-alku","status":"publish","type":"post","link":"https:\/\/blogit.utu.fi\/johtaminenjaorganisointi\/johtamisen-ja-organisoinnin-yrittajyyden-ainejarjeston-uusi-alku\/","title":{"rendered":"Johtamisen ja yritt\u00e4jyyden ainej\u00e4rjest\u00f6n uusi alku!"},"content":{"rendered":"<p>Oppiaineemme ainej\u00e4rjest\u00f6 on pit\u00e4nyt hiljaiseloa virallisesti viimeisen vuoden ajan, mutta aktiivisimmista ajoista on vier\u00e4ht\u00e4nyt jo useampia vuosia. Viimeinen hallitus oli vuosimallia 2017, mutta vuosikurssille 2017 Systeemin\u00e4 tunnettu ainej\u00e4rjest\u00f6 ei sanonut en\u00e4\u00e4 juuri mit\u00e4\u00e4n \u2013 vuosikurssille 2018 viel\u00e4 v\u00e4hemm\u00e4n.<\/p>\n<p>Kes\u00e4ll\u00e4 2018 syntyi kuitenkin idea ottaa selv\u00e4\u00e4 Systeemin historiasta ja toive saada her\u00e4tetty\u00e4 ainej\u00e4rjest\u00f6 uudelleen. Idean takana oli KKOY:n puheenjohtaja Sonja Lavonen, joka syksyll\u00e4 yhdess\u00e4 Teea Hastin (ainej\u00e4rjest\u00f6n nykyinen puheenjohtaja) ja Satu Teerikankaan (johtamisen ja organisoinnin professori) ryhtyi suunnittelemaan ainej\u00e4rjest\u00f6toimintaa.<\/p>\n<p>Yhteisty\u00f6n tavoitteena oli saada ainej\u00e4rjest\u00f6toiminta k\u00e4ynnistetty\u00e4 jouluun menness\u00e4 ja startata kev\u00e4tkausi uuden toiminnan suunnittelulla. Ensimm\u00e4inen julkinen askel toiminnan k\u00e4ynnist\u00e4miseksi otettiin perehdytysviikon aikana kansainv\u00e4lisen linjan pupujen kanssa, jossa Teea, Henri Saloranta ja Riia Rinne olivat pit\u00e4m\u00e4ss\u00e4 rastia yhdess\u00e4 KKOY:n kanssa. Seuraavana askeleena oli oppiaineen j\u00e4rjest\u00e4m\u00e4 johtamisen thanksgiving-tapahtuma. Tapahtuma suunnattiin johtamisen ja organisoinnin sek\u00e4\u00a0yritt\u00e4jyyden opiskelijoille ja sis\u00e4lsi yhdess\u00e4 oloa muiden opiskelijoiden ja oppiaineen henkil\u00f6kunnan kanssa. Tapahtuma ker\u00e4si ensimm\u00e4ist\u00e4 kertaa kaikki toiminnasta kiinnostuneet yhteen.<\/p>\n<p>Tapahtuman loppupuolella kasattiin alustava ryhm\u00e4 opiskelijoista, joilla oli kiinnostusta ainej\u00e4rjest\u00f6toimintaan ja yhteisty\u00f6ss\u00e4 suunniteltiin seuraavaa askelta kohti uutta ainej\u00e4rjest\u00f6\u00e4. Saimme hyvi\u00e4 vinkkej\u00e4 toiminnan k\u00e4ynnist\u00e4miseen sek\u00e4 alumneilta ett\u00e4 tukea muilta ainej\u00e4rjest\u00f6ilt\u00e4. Ensimm\u00e4inen yhteinen tapaaminen innokkaiden osallistujien kesken j\u00e4rjestettiin joulukuussa ja tammikuun aikana tulevan hallituksen kokoonpano alkoi muodostua. 31.1.2019 valittiin Boost Academyn tiloissa johtamisen, organisoinnin ja yritt\u00e4jyyden ainej\u00e4rjest\u00f6lle uusi hallitus ja toiminnalle saatiin virallinen uusi alku!<\/p>\n<p>Seuraavana vuorossa on ainej\u00e4rjest\u00f6n uudelleen br\u00e4nd\u00e4ys: uusi nimi, logo ja lippu. Ensimm\u00e4isen kerran uusi hallitus on tavattavissa aulakahveilla 21.3.2019, heti intensiiviviikkojen j\u00e4lkeen. Tervetuloa kahville ja liittym\u00e4\u00e4n ainej\u00e4rjest\u00f6n j\u00e4seneksi!<\/p>\n<p>Linda Lehto<br \/>\ntiedottaja<\/p>\n<p>Kuvassa hallitus vuosimallia 2019<\/p>\n<p><img loading=\"lazy\" decoding=\"async\" class=\"size-medium wp-image-302 alignleft\" src=\"https:\/\/blogit.utu.fi\/johtaminenjaorganisointi\/wp-content\/uploads\/sites\/160\/2019\/02\/Vision-300x225.jpg\" alt=\"\" width=\"300\" height=\"225\" srcset=\"https:\/\/blogit.utu.fi\/johtaminenjaorganisointi\/wp-content\/uploads\/sites\/160\/2019\/02\/Vision-300x225.jpg 300w, https:\/\/blogit.utu.fi\/johtaminenjaorganisointi\/wp-content\/uploads\/sites\/160\/2019\/02\/Vision-768x575.jpg 768w, https:\/\/blogit.utu.fi\/johtaminenjaorganisointi\/wp-content\/uploads\/sites\/160\/2019\/02\/Vision-676x506.jpg 676w, https:\/\/blogit.utu.fi\/johtaminenjaorganisointi\/wp-content\/uploads\/sites\/160\/2019\/02\/Vision.jpg 939w\" sizes=\"auto, (max-width: 300px) 100vw, 300px\" \/><\/p>\n<p style=\"text-align: left\">Puheenjohtaja: Teea Hast<br \/>\nVarapuheenjohtaja: Anniina Rytk\u00f6nen<br \/>\nRahastonhoitaja: Joona Valtonen<br \/>\nSihteeri: Tuukka Valkama<br \/>\nTiedottaja: Linda Lehto<br \/>\nKoulutuspoliittinen vastaava: Emilia Per\u00f3n<\/p>\n","protected":false},"excerpt":{"rendered":"<p>Oppiaineemme ainej\u00e4rjest\u00f6 on pit\u00e4nyt hiljaiseloa virallisesti viimeisen vuoden ajan, mutta aktiivisimmista ajoista on vier\u00e4ht\u00e4nyt jo useampia vuosia. Viimeinen hallitus oli vuosimallia 2017, mutta vuosikurssille 2017 Systeemin\u00e4 tunnettu ainej\u00e4rjest\u00f6 ei sanonut en\u00e4\u00e4 juuri mit\u00e4\u00e4n \u2013 vuosikurssille 2018 viel\u00e4 v\u00e4hemm\u00e4n. Kes\u00e4ll\u00e4 2018 syntyi kuitenkin idea ottaa selv\u00e4\u00e4 Systeemin historiasta ja toive saada her\u00e4tetty\u00e4 ainej\u00e4rjest\u00f6 uudelleen. Idean takana [&hellip;]<\/p>\n","protected":false},"author":3294,"featured_media":302,"comment_status":"open","ping_status":"open","sticky":false,"template":"","format":"standard","meta":{"footnotes":""},"categories":[7,10],"tags":[62,68,65,71],"class_list":["post-260","post","type-post","status-publish","format-standard","has-post-thumbnail","hentry","category-opiskelu","category-tapahtumat","tag-ainejarjesto","tag-johtaminen","tag-visio","tag-yrittajyys","post-preview"],"_links":{"self":[{"href":"https:\/\/blogit.utu.fi\/johtaminenjaorganisointi\/wp-json\/wp\/v2\/posts\/260","targetHints":{"allow":["GET"]}}],"collection":[{"href":"https:\/\/blogit.utu.fi\/johtaminenjaorganisointi\/wp-json\/wp\/v2\/posts"}],"about":[{"href":"https:\/\/blogit.utu.fi\/johtaminenjaorganisointi\/wp-json\/wp\/v2\/types\/post"}],"author":[{"embeddable":true,"href":"https:\/\/blogit.utu.fi\/johtaminenjaorganisointi\/wp-json\/wp\/v2\/users\/3294"}],"replies":[{"embeddable":true,"href":"https:\/\/blogit.utu.fi\/johtaminenjaorganisointi\/wp-json\/wp\/v2\/comments?post=260"}],"version-history":[{"count":19,"href":"https:\/\/blogit.utu.fi\/johtaminenjaorganisointi\/wp-json\/wp\/v2\/posts\/260\/revisions"}],"predecessor-version":[{"id":326,"href":"https:\/\/blogit.utu.fi\/johtaminenjaorganisointi\/wp-json\/wp\/v2\/posts\/260\/revisions\/326"}],"wp:featuredmedia":[{"embeddable":true,"href":"https:\/\/blogit.utu.fi\/johtaminenjaorganisointi\/wp-json\/wp\/v2\/media\/302"}],"wp:attachment":[{"href":"https:\/\/blogit.utu.fi\/johtaminenjaorganisointi\/wp-json\/wp\/v2\/media?parent=260"}],"wp:term":[{"taxonomy":"category","embeddable":true,"href":"https:\/\/blogit.utu.fi\/johtaminenjaorganisointi\/wp-json\/wp\/v2\/categories?post=260"},{"taxonomy":"post_tag","embeddable":true,"href":"https:\/\/blogit.utu.fi\/johtaminenjaorganisointi\/wp-json\/wp\/v2\/tags?post=260"}],"curies":[{"name":"wp","href":"https:\/\/api.w.org\/{rel}","templated":true}]}}