{"id":410,"date":"2019-10-15T09:53:08","date_gmt":"2019-10-15T09:53:08","guid":{"rendered":"https:\/\/blogit.utu.fi\/johtaminenjaorganisointi\/?p=410"},"modified":"2019-10-15T09:53:08","modified_gmt":"2019-10-15T09:53:08","slug":"visio-2019-2020","status":"publish","type":"post","link":"https:\/\/blogit.utu.fi\/johtaminenjaorganisointi\/visio-2019-2020\/","title":{"rendered":"Visio 2019-2020"},"content":{"rendered":"<p><span style=\"color: #000000;font-family: Calibri\">Visio on 31.1.2019 perustettu johtamisen, organisoinnin ja yritt\u00e4jyyden ainej\u00e4rjest\u00f6. Koska aiemmin Systeemin nimiss\u00e4 ollut toiminta oli loppunut vuosia aiemmin, aloitimme toiminnan tyhj\u00e4st\u00e4 ilman edellisen hallituksen tukea. Kev\u00e4\u00e4ll\u00e4 esitt\u00e4ydyimme ainoastaan aulakahveilla, mutta nyt syksyn aikana toiminta on ensimm\u00e4ist\u00e4 kertaa saatu k\u00e4ynnistetty\u00e4 kunnolla.<\/span><\/p>\n<p><span style=\"color: #000000;font-family: Calibri\">Aloitimme syksymme osallistumalla kaupunkisuunnistus KaupSuun 29.8. sek\u00e4 j\u00e4rjest\u00e4m\u00e4ll\u00e4 pupuninfon 1.10. yhteisty\u00f6ss\u00e4 KKOY:n kanssa. Jatkamme intensiiviviikolla esitt\u00e4ytym\u00e4ll\u00e4 pupuille JOY-kurssilla 15.10. sek\u00e4 j\u00e4rjest\u00e4m\u00e4ll\u00e4 aulakahvit 17.10. klo 16 alkaen. Aulakahvien aikana p\u00e4\u00e4semme tapaamaan pupuja yhdess\u00e4 aineiden henkil\u00f6kunnan kanssa ja kasvattamaan j\u00e4senm\u00e4\u00e4r\u00e4\u00e4mme. Vaikka aulakahvit ovat ensisijaisesti pupuille, ovat kaikki tervetulleita mukaan! Tarjolla kahvin lis\u00e4ksi pient\u00e4 purtavaa, upouusia haalarimerkkej\u00e4mme sek\u00e4 mahdollisuus liitty\u00e4 j\u00e4seneksemme ja tulla mukaan toimintaamme.<\/span><\/p>\n<p><span style=\"color: #000000;font-family: Calibri\">Lokakuussa tarkoituksenamme on j\u00e4rjest\u00e4\u00e4 viel\u00e4 toiset aulakahvit, jotta saamme ainej\u00e4rjest\u00f6n nime\u00e4 n\u00e4kyviin ja hallitusta tutuksi. Marraskuulle suunnittelemme excursiota Turkuun \u2013 kohde on viel\u00e4 toistaiseksi salaisuus. Excursiolle toivotamme tervetulleiksi kaikki pupuista maisteriopiskelijoihin. Yksityiskohdat selvi\u00e4v\u00e4t my\u00f6hemmin, joten kannattaa pysy\u00e4 kuulolla!<\/span><\/p>\n<p><span style=\"color: #000000;font-family: Calibri\">Syksyn kruunaa laitoksen j\u00e4rjest\u00e4m\u00e4t pikkujoulut, 29.11. klo 13-15, joihin ovat kaikki johtamisen, organisoinnin ja yritt\u00e4jyyden opiskelijat tervetulleita. Visio on mukana pikkujouluissa esittelem\u00e4ss\u00e4 omaa toimintaansa. Pikkujoulujen aikana onkin oiva mahdollisuus l\u00e4hte\u00e4 mukaan ainej\u00e4rjest\u00f6n toimintaan. Viime vuonna juuri n\u00e4iss\u00e4 pikkujouluissa laitettiin alulle Visioksi muodostunut ainej\u00e4rjest\u00f6 ja t\u00e4n\u00e4 vuonna on tarkoitus l\u00f6yt\u00e4\u00e4 toiminnalle jatkajia. Vuoden 2019-2020 hallituksella on upeita suunnitelmia kev\u00e4\u00e4ksi, emmek\u00e4 malta odottaa, ett\u00e4 p\u00e4\u00e4semme jakamaan niit\u00e4 uuden hallituksen kanssa!<\/span><\/p>\n<p><em><span style=\"color: #000000;font-family: Calibri\">Linda Lehto<br \/>\n<\/span><\/em><span style=\"color: #000000;font-family: Calibri\">tiedottaja, Visio<\/span><\/p>\n<p>&nbsp;<\/p>\n<p><span style=\"color: #000000;font-family: Calibri\">PS. Mik\u00e4li toiminta ainej\u00e4rjest\u00f6ss\u00e4 kiinnostaa, voit koska tahansa kysy\u00e4 hallituksen j\u00e4senilt\u00e4 lis\u00e4\u00e4 \u2013 nappaa hihasta koulun k\u00e4yt\u00e4v\u00e4ll\u00e4, kys\u00e4ise yhteisell\u00e4 kurssilla tai tule moikkaamaan meit\u00e4 aulakahveille! Ainej\u00e4rjest\u00f6ss\u00e4 p\u00e4\u00e4set vaikuttamaan kursseihin, opetukseen, tapahtumiin sek\u00e4 tietysti tutustumaan oman p\u00e4\u00e4aineesi opiskelijoihin ja luomaan n\u00e4in t\u00e4rkeit\u00e4 verkostoja tulevaisuutta ajatellen. Suosittelen!<\/span><\/p>\n","protected":false},"excerpt":{"rendered":"<p>Visio on 31.1.2019 perustettu johtamisen, organisoinnin ja yritt\u00e4jyyden ainej\u00e4rjest\u00f6. Koska aiemmin Systeemin nimiss\u00e4 ollut toiminta oli loppunut vuosia aiemmin, aloitimme toiminnan tyhj\u00e4st\u00e4 ilman edellisen hallituksen tukea. Kev\u00e4\u00e4ll\u00e4 esitt\u00e4ydyimme ainoastaan aulakahveilla, mutta nyt syksyn aikana toiminta on ensimm\u00e4ist\u00e4 kertaa saatu k\u00e4ynnistetty\u00e4 kunnolla. Aloitimme syksymme osallistumalla kaupunkisuunnistus KaupSuun 29.8. sek\u00e4 j\u00e4rjest\u00e4m\u00e4ll\u00e4 pupuninfon 1.10. yhteisty\u00f6ss\u00e4 KKOY:n kanssa. Jatkamme [&hellip;]<\/p>\n","protected":false},"author":3294,"featured_media":416,"comment_status":"open","ping_status":"open","sticky":false,"template":"","format":"standard","meta":{"footnotes":""},"categories":[7,10],"tags":[62,68,65,71],"class_list":["post-410","post","type-post","status-publish","format-standard","has-post-thumbnail","hentry","category-opiskelu","category-tapahtumat","tag-ainejarjesto","tag-johtaminen","tag-visio","tag-yrittajyys","post-preview"],"_links":{"self":[{"href":"https:\/\/blogit.utu.fi\/johtaminenjaorganisointi\/wp-json\/wp\/v2\/posts\/410","targetHints":{"allow":["GET"]}}],"collection":[{"href":"https:\/\/blogit.utu.fi\/johtaminenjaorganisointi\/wp-json\/wp\/v2\/posts"}],"about":[{"href":"https:\/\/blogit.utu.fi\/johtaminenjaorganisointi\/wp-json\/wp\/v2\/types\/post"}],"author":[{"embeddable":true,"href":"https:\/\/blogit.utu.fi\/johtaminenjaorganisointi\/wp-json\/wp\/v2\/users\/3294"}],"replies":[{"embeddable":true,"href":"https:\/\/blogit.utu.fi\/johtaminenjaorganisointi\/wp-json\/wp\/v2\/comments?post=410"}],"version-history":[{"count":8,"href":"https:\/\/blogit.utu.fi\/johtaminenjaorganisointi\/wp-json\/wp\/v2\/posts\/410\/revisions"}],"predecessor-version":[{"id":440,"href":"https:\/\/blogit.utu.fi\/johtaminenjaorganisointi\/wp-json\/wp\/v2\/posts\/410\/revisions\/440"}],"wp:featuredmedia":[{"embeddable":true,"href":"https:\/\/blogit.utu.fi\/johtaminenjaorganisointi\/wp-json\/wp\/v2\/media\/416"}],"wp:attachment":[{"href":"https:\/\/blogit.utu.fi\/johtaminenjaorganisointi\/wp-json\/wp\/v2\/media?parent=410"}],"wp:term":[{"taxonomy":"category","embeddable":true,"href":"https:\/\/blogit.utu.fi\/johtaminenjaorganisointi\/wp-json\/wp\/v2\/categories?post=410"},{"taxonomy":"post_tag","embeddable":true,"href":"https:\/\/blogit.utu.fi\/johtaminenjaorganisointi\/wp-json\/wp\/v2\/tags?post=410"}],"curies":[{"name":"wp","href":"https:\/\/api.w.org\/{rel}","templated":true}]}}