{"id":1283,"date":"2014-09-09T11:54:12","date_gmt":"2014-09-09T08:54:12","guid":{"rendered":"http:\/\/kulttuurihistoria.wordpress.com\/?p=1283"},"modified":"2014-09-09T11:54:12","modified_gmt":"2014-09-09T08:54:12","slug":"karaiimeja-ja-vapauden-katuja-uzupiksessa","status":"publish","type":"post","link":"https:\/\/blogit.utu.fi\/kulttuurihistoria\/2014\/09\/09\/karaiimeja-ja-vapauden-katuja-uzupiksessa\/","title":{"rendered":"Karaiimeja ja vapauden katuja U\u017eupiksessa"},"content":{"rendered":"<div id=\"attachment_1288\" style=\"width: 310px\" class=\"wp-caption alignleft\"><a href=\"https:\/\/blogit.utu.fi\/kulttuurihistoria\/wp-content\/uploads\/sites\/652\/2014\/09\/vilna3.jpg\"><img loading=\"lazy\" decoding=\"async\" aria-describedby=\"caption-attachment-1288\" class=\"wp-image-1288 size-medium\" src=\"https:\/\/blogit.utu.fi\/kulttuurihistoria\/wp-content\/uploads\/sites\/652\/2014\/09\/vilna3.jpg?w=300\" alt=\"Vilna\" width=\"300\" height=\"168\" srcset=\"https:\/\/blogit.utu.fi\/kulttuurihistoria\/wp-content\/uploads\/sites\/652\/2014\/09\/vilna3.jpg 1632w, https:\/\/blogit.utu.fi\/kulttuurihistoria\/wp-content\/uploads\/sites\/652\/2014\/09\/vilna3-300x169.jpg 300w, https:\/\/blogit.utu.fi\/kulttuurihistoria\/wp-content\/uploads\/sites\/652\/2014\/09\/vilna3-1024x576.jpg 1024w, https:\/\/blogit.utu.fi\/kulttuurihistoria\/wp-content\/uploads\/sites\/652\/2014\/09\/vilna3-768x432.jpg 768w, https:\/\/blogit.utu.fi\/kulttuurihistoria\/wp-content\/uploads\/sites\/652\/2014\/09\/vilna3-1536x864.jpg 1536w, https:\/\/blogit.utu.fi\/kulttuurihistoria\/wp-content\/uploads\/sites\/652\/2014\/09\/vilna3-1568x882.jpg 1568w\" sizes=\"auto, (max-width: 300px) 100vw, 300px\" \/><\/a><p id=\"caption-attachment-1288\" class=\"wp-caption-text\">Vilnan pastelleja<\/p><\/div>\n<p>Olin 4.-8. syyskuuta Turun Historiallisen Yhdistyksen j\u00e4rjest\u00e4m\u00e4ll\u00e4 perinteisell\u00e4 syysmatkalla. Matka suuntautui t\u00e4ll\u00e4 kertaa Liettuaan. Vilnassa majoituimme perinteikk\u00e4\u00e4seen Astorija-hotelliin vanhassakaupungissa; t\u00e4\u00e4lt\u00e4 teimme pitk\u00e4t retket my\u00f6s Kaunasin kaupunkiin ja Trakain kyl\u00e4\u00e4n. Matka oli loistavasti j\u00e4rjestetty, meill\u00e4 oli fantastinen opas ja kaikki meni aivan nappiin kes\u00e4isi\u00e4 s\u00e4it\u00e4 my\u00f6ten.<\/p>\n<p>Kohokohtia oli paljon, enk\u00e4 voi niit\u00e4 t\u00e4ss\u00e4 kaikkia k\u00e4yd\u00e4 l\u00e4pi, mutta erityisen h\u00e4tk\u00e4hdytt\u00e4v\u00e4\u00e4 oli Vilnan kauneus, jonka vain kerran aiemmin, vuosia sitten, siell\u00e4 k\u00e4yneen\u00e4 olin miltei unohtanut. Tosin on huomattava, ett\u00e4 kaupunki on ehostanut kasvojaan viime vuosina niin paljon, ett\u00e4 v\u00e4lill\u00e4 alkoi jopa pelottaa, ett\u00e4 koko neuvostoajan Vilna (se r\u00e4hj\u00e4isempi ja ehk\u00e4 siten j\u00e4nnitt\u00e4v\u00e4mpikin) katoaa innokkaassa puleerauksessa. Neuvostotasavallan aikaa ei selv\u00e4stik\u00e4\u00e4n siell\u00e4 haluta kovasti muistaa \u2013 mielest\u00e4ni ne vuosikymmenet olisi t\u00e4rke\u00e4\u00e4 kuitenkin j\u00e4tt\u00e4\u00e4 my\u00f6s kaupungissa n\u00e4kyviin, vaikka kipe\u00e4\u00e4 tekisikin.<\/p>\n<div id=\"attachment_1297\" style=\"width: 310px\" class=\"wp-caption alignright\"><a href=\"https:\/\/blogit.utu.fi\/kulttuurihistoria\/wp-content\/uploads\/sites\/652\/2014\/09\/trakai.jpg\"><img loading=\"lazy\" decoding=\"async\" aria-describedby=\"caption-attachment-1297\" class=\"wp-image-1297 size-medium\" src=\"https:\/\/blogit.utu.fi\/kulttuurihistoria\/wp-content\/uploads\/sites\/652\/2014\/09\/trakai.jpg?w=300\" alt=\"Trakai\" width=\"300\" height=\"168\" srcset=\"https:\/\/blogit.utu.fi\/kulttuurihistoria\/wp-content\/uploads\/sites\/652\/2014\/09\/trakai.jpg 1632w, https:\/\/blogit.utu.fi\/kulttuurihistoria\/wp-content\/uploads\/sites\/652\/2014\/09\/trakai-300x169.jpg 300w, https:\/\/blogit.utu.fi\/kulttuurihistoria\/wp-content\/uploads\/sites\/652\/2014\/09\/trakai-1024x576.jpg 1024w, https:\/\/blogit.utu.fi\/kulttuurihistoria\/wp-content\/uploads\/sites\/652\/2014\/09\/trakai-768x432.jpg 768w, https:\/\/blogit.utu.fi\/kulttuurihistoria\/wp-content\/uploads\/sites\/652\/2014\/09\/trakai-1536x864.jpg 1536w, https:\/\/blogit.utu.fi\/kulttuurihistoria\/wp-content\/uploads\/sites\/652\/2014\/09\/trakai-1568x882.jpg 1568w\" sizes=\"auto, (max-width: 300px) 100vw, 300px\" \/><\/a><p id=\"caption-attachment-1297\" class=\"wp-caption-text\">Trakain linna<\/p><\/div>\n<p>Trakain linna on jo Neuvostoliiton aikana restauroitu, upea ilmestys seistess\u00e4\u00e4n uljaana pienell\u00e4 saarella keskell\u00e4 j\u00e4rve\u00e4. Trakain kyl\u00e4n erikoisuuksiin kuuluu my\u00f6s keskiajalla linnaa suojelemaan (tarinan mukaan) Krimilt\u00e4 tuotetut karaiimit. Karaiimit ovat turkkilaisheimo tai pikemminkin ryhm\u00e4 perheit\u00e4, jotka ovat \u00e4llistytt\u00e4v\u00e4\u00e4 kyll\u00e4 s\u00e4ilytt\u00e4neet, nippa nappa tosin, kielens\u00e4 ja kulttuurinsa ja ehk\u00e4 s\u00e4ilytt\u00e4v\u00e4t jatkossakin, sill\u00e4 turismi suosii sit\u00e4.<\/p>\n<p>Mekin s\u00f6imme lounasta karaiimien pit\u00e4m\u00e4ss\u00e4 ravintolassa &#8211; perinneruoka on kibin, suuri pasteijankaltainen piirakka. Tuntuu hurjalta, ett\u00e4 heid\u00e4n kielens\u00e4 puhujia on t\u00e4m\u00e4n hetkisen parhaan tietoni mukaan alle kuusikymment\u00e4, mutta karaiimeja sent\u00e4\u00e4n on t\u00e4t\u00e4 enemm\u00e4n. Toivotaan, ett\u00e4 kieli s\u00e4ilyy. Uskonto s\u00e4ilytt\u00e4\u00e4 my\u00f6s kielt\u00e4; karaiimien uskonto on juutalaisuuden haara, joka ei tunnusta Vanhan testamentin lis\u00e4ksi muita tekstej\u00e4.<\/p>\n<p><a href=\"https:\/\/blogit.utu.fi\/kulttuurihistoria\/wp-content\/uploads\/sites\/652\/2014\/09\/tasavalta.jpg\"><img loading=\"lazy\" decoding=\"async\" class=\"aligncenter wp-image-1296 size-medium\" src=\"https:\/\/blogit.utu.fi\/kulttuurihistoria\/wp-content\/uploads\/sites\/652\/2014\/09\/tasavalta.jpg?w=300\" alt=\"Tasavalta\" width=\"300\" height=\"168\" srcset=\"https:\/\/blogit.utu.fi\/kulttuurihistoria\/wp-content\/uploads\/sites\/652\/2014\/09\/tasavalta.jpg 1632w, https:\/\/blogit.utu.fi\/kulttuurihistoria\/wp-content\/uploads\/sites\/652\/2014\/09\/tasavalta-300x169.jpg 300w, https:\/\/blogit.utu.fi\/kulttuurihistoria\/wp-content\/uploads\/sites\/652\/2014\/09\/tasavalta-1024x576.jpg 1024w, https:\/\/blogit.utu.fi\/kulttuurihistoria\/wp-content\/uploads\/sites\/652\/2014\/09\/tasavalta-768x432.jpg 768w, https:\/\/blogit.utu.fi\/kulttuurihistoria\/wp-content\/uploads\/sites\/652\/2014\/09\/tasavalta-1536x864.jpg 1536w, https:\/\/blogit.utu.fi\/kulttuurihistoria\/wp-content\/uploads\/sites\/652\/2014\/09\/tasavalta-1568x882.jpg 1568w\" sizes=\"auto, (max-width: 300px) 100vw, 300px\" \/><\/a>Matkan toinen j\u00e4nnitt\u00e4v\u00e4 pienyhteis\u00f6 oli Vilnan kaupungissa U\u017eupiksen tasavalta, taiteilijayhteis\u00f6, joka on Vilnia-joten mutkaan j\u00e4\u00e4v\u00e4ss\u00e4 pieness\u00e4 kaupunginosassa kaikkinaisen vapauden ja luovuuden symboli. Taidetta on joka puolella ja matkailijan tuleekin muistaa katsoa t\u00e4\u00e4ll\u00e4 paitsi eteens\u00e4, my\u00f6s yl\u00f6s ja alas. U\u017eupis on julistautunut itsen\u00e4iseksi ja sill\u00e4 onkin ehk\u00e4 maailman paras perustuslaki. Se on k\u00e4\u00e4nnetty suomeksikin vuonna 2011, ja l\u00f6ytyy perustuslakisein\u00e4lt\u00e4 muiden k\u00e4\u00e4nn\u00f6sten ja alkuper\u00e4isen kanssa. Parhaita kohtia 38-kohtaisessa perustuslaissa minun mielest\u00e4ni (t\u00e4n\u00e4\u00e4n) ovat:<\/p>\n<div id=\"attachment_1290\" style=\"width: 310px\" class=\"wp-caption alignleft\"><a href=\"https:\/\/blogit.utu.fi\/kulttuurihistoria\/wp-content\/uploads\/sites\/652\/2014\/09\/perustuslaki.jpg\"><img loading=\"lazy\" decoding=\"async\" aria-describedby=\"caption-attachment-1290\" class=\"wp-image-1290 size-medium\" src=\"https:\/\/blogit.utu.fi\/kulttuurihistoria\/wp-content\/uploads\/sites\/652\/2014\/09\/perustuslaki.jpg?w=300\" alt=\"perustuslaki\" width=\"300\" height=\"168\" srcset=\"https:\/\/blogit.utu.fi\/kulttuurihistoria\/wp-content\/uploads\/sites\/652\/2014\/09\/perustuslaki.jpg 1632w, https:\/\/blogit.utu.fi\/kulttuurihistoria\/wp-content\/uploads\/sites\/652\/2014\/09\/perustuslaki-300x169.jpg 300w, https:\/\/blogit.utu.fi\/kulttuurihistoria\/wp-content\/uploads\/sites\/652\/2014\/09\/perustuslaki-1024x576.jpg 1024w, https:\/\/blogit.utu.fi\/kulttuurihistoria\/wp-content\/uploads\/sites\/652\/2014\/09\/perustuslaki-768x432.jpg 768w, https:\/\/blogit.utu.fi\/kulttuurihistoria\/wp-content\/uploads\/sites\/652\/2014\/09\/perustuslaki-1536x864.jpg 1536w, https:\/\/blogit.utu.fi\/kulttuurihistoria\/wp-content\/uploads\/sites\/652\/2014\/09\/perustuslaki-1568x882.jpg 1568w\" sizes=\"auto, (max-width: 300px) 100vw, 300px\" \/><\/a><p id=\"caption-attachment-1290\" class=\"wp-caption-text\">Perustuslakisein\u00e4<\/p><\/div>\n<p>3. Jokaisella on oikeus kuolla, mutta se ei ole velvollisuus. <a href=\"https:\/\/blogit.utu.fi\/kulttuurihistoria\/wp-content\/uploads\/sites\/652\/2014\/09\/perustuslakisuomi.jpg\"><img loading=\"lazy\" decoding=\"async\" class=\"alignleft size-medium wp-image-1291\" src=\"https:\/\/blogit.utu.fi\/kulttuurihistoria\/wp-content\/uploads\/sites\/652\/2014\/09\/perustuslakisuomi.jpg?w=168\" alt=\"perustuslakisuomi\" width=\"168\" height=\"300\" srcset=\"https:\/\/blogit.utu.fi\/kulttuurihistoria\/wp-content\/uploads\/sites\/652\/2014\/09\/perustuslakisuomi.jpg 918w, https:\/\/blogit.utu.fi\/kulttuurihistoria\/wp-content\/uploads\/sites\/652\/2014\/09\/perustuslakisuomi-576x1024.jpg 576w, https:\/\/blogit.utu.fi\/kulttuurihistoria\/wp-content\/uploads\/sites\/652\/2014\/09\/perustuslakisuomi-768x1365.jpg 768w, https:\/\/blogit.utu.fi\/kulttuurihistoria\/wp-content\/uploads\/sites\/652\/2014\/09\/perustuslakisuomi-864x1536.jpg 864w\" sizes=\"auto, (max-width: 168px) 100vw, 168px\" \/><\/a><br \/> 5. Jokaisella on oikeus olla ainutlaatuinen.<br \/> 9. Jokaisella on oikeus laiskotella tai olla vain tekem\u00e4tt\u00e4 yht\u00e4\u00e4n mit\u00e4\u00e4n.<br \/> 10. Jokaisella on oikeus rakastaa ja hoitaa kissaa.<br \/> 12. Koiralla on oikeus olla koira.<br \/> 13. Kissan ei tarvitse rakastaa omistajaansa, mutta h\u00e4d\u00e4n tullen sen pit\u00e4\u00e4 auttaa t\u00e4t\u00e4.<br \/> 14. Jokaisella on oikeus olla tiet\u00e4m\u00e4t\u00f6n velvollisuuksistaan.<br \/> 18. Jokaisella on oikeus olla hiljaa.<br \/> 24. Jokaisella on oikeus olla ymm\u00e4rt\u00e4m\u00e4tt\u00e4 mit\u00e4\u00e4n.<br \/> 34. Jokaisella on oikeus olla v\u00e4\u00e4rinymm\u00e4rretty.<br \/> 38. Jokaisella on oikeus olla pelk\u00e4\u00e4m\u00e4tt\u00e4.<\/p>\n<div id=\"attachment_1293\" style=\"width: 310px\" class=\"wp-caption alignleft\"><a href=\"https:\/\/blogit.utu.fi\/kulttuurihistoria\/wp-content\/uploads\/sites\/652\/2014\/09\/taide2.jpg\"><img loading=\"lazy\" decoding=\"async\" aria-describedby=\"caption-attachment-1293\" class=\"wp-image-1293 size-medium\" src=\"https:\/\/blogit.utu.fi\/kulttuurihistoria\/wp-content\/uploads\/sites\/652\/2014\/09\/taide2.jpg?w=300\" alt=\"taide2\" width=\"300\" height=\"168\" srcset=\"https:\/\/blogit.utu.fi\/kulttuurihistoria\/wp-content\/uploads\/sites\/652\/2014\/09\/taide2.jpg 1632w, https:\/\/blogit.utu.fi\/kulttuurihistoria\/wp-content\/uploads\/sites\/652\/2014\/09\/taide2-300x169.jpg 300w, https:\/\/blogit.utu.fi\/kulttuurihistoria\/wp-content\/uploads\/sites\/652\/2014\/09\/taide2-1024x576.jpg 1024w, https:\/\/blogit.utu.fi\/kulttuurihistoria\/wp-content\/uploads\/sites\/652\/2014\/09\/taide2-768x432.jpg 768w, https:\/\/blogit.utu.fi\/kulttuurihistoria\/wp-content\/uploads\/sites\/652\/2014\/09\/taide2-1536x864.jpg 1536w, https:\/\/blogit.utu.fi\/kulttuurihistoria\/wp-content\/uploads\/sites\/652\/2014\/09\/taide2-1568x882.jpg 1568w\" sizes=\"auto, (max-width: 300px) 100vw, 300px\" \/><\/a><p id=\"caption-attachment-1293\" class=\"wp-caption-text\">Taidetta ilmassa ja kaikkialla<\/p><\/div>\n<p><a href=\"https:\/\/blogit.utu.fi\/kulttuurihistoria\/wp-content\/uploads\/sites\/652\/2014\/09\/taide4.jpg\"><img loading=\"lazy\" decoding=\"async\" class=\"alignleft size-medium wp-image-1295\" src=\"https:\/\/blogit.utu.fi\/kulttuurihistoria\/wp-content\/uploads\/sites\/652\/2014\/09\/taide4.jpg?w=168\" alt=\"taide4\" width=\"168\" height=\"300\" srcset=\"https:\/\/blogit.utu.fi\/kulttuurihistoria\/wp-content\/uploads\/sites\/652\/2014\/09\/taide4.jpg 918w, https:\/\/blogit.utu.fi\/kulttuurihistoria\/wp-content\/uploads\/sites\/652\/2014\/09\/taide4-576x1024.jpg 576w, https:\/\/blogit.utu.fi\/kulttuurihistoria\/wp-content\/uploads\/sites\/652\/2014\/09\/taide4-768x1365.jpg 768w, https:\/\/blogit.utu.fi\/kulttuurihistoria\/wp-content\/uploads\/sites\/652\/2014\/09\/taide4-864x1536.jpg 864w\" sizes=\"auto, (max-width: 168px) 100vw, 168px\" \/><\/a> <a href=\"https:\/\/blogit.utu.fi\/kulttuurihistoria\/wp-content\/uploads\/sites\/652\/2014\/09\/taide3.jpg\"><img loading=\"lazy\" decoding=\"async\" class=\"alignleft size-medium wp-image-1294\" src=\"https:\/\/blogit.utu.fi\/kulttuurihistoria\/wp-content\/uploads\/sites\/652\/2014\/09\/taide3.jpg?w=300\" alt=\"taide3\" width=\"300\" height=\"168\" srcset=\"https:\/\/blogit.utu.fi\/kulttuurihistoria\/wp-content\/uploads\/sites\/652\/2014\/09\/taide3.jpg 1632w, https:\/\/blogit.utu.fi\/kulttuurihistoria\/wp-content\/uploads\/sites\/652\/2014\/09\/taide3-300x169.jpg 300w, https:\/\/blogit.utu.fi\/kulttuurihistoria\/wp-content\/uploads\/sites\/652\/2014\/09\/taide3-1024x576.jpg 1024w, https:\/\/blogit.utu.fi\/kulttuurihistoria\/wp-content\/uploads\/sites\/652\/2014\/09\/taide3-768x432.jpg 768w, https:\/\/blogit.utu.fi\/kulttuurihistoria\/wp-content\/uploads\/sites\/652\/2014\/09\/taide3-1536x864.jpg 1536w, https:\/\/blogit.utu.fi\/kulttuurihistoria\/wp-content\/uploads\/sites\/652\/2014\/09\/taide3-1568x882.jpg 1568w\" sizes=\"auto, (max-width: 300px) 100vw, 300px\" \/><\/a> <a href=\"https:\/\/blogit.utu.fi\/kulttuurihistoria\/wp-content\/uploads\/sites\/652\/2014\/09\/taide1.jpg\"><img loading=\"lazy\" decoding=\"async\" class=\"alignleft size-medium wp-image-1292\" src=\"https:\/\/blogit.utu.fi\/kulttuurihistoria\/wp-content\/uploads\/sites\/652\/2014\/09\/taide1.jpg?w=168\" alt=\"taide1\" width=\"168\" height=\"300\" srcset=\"https:\/\/blogit.utu.fi\/kulttuurihistoria\/wp-content\/uploads\/sites\/652\/2014\/09\/taide1.jpg 918w, https:\/\/blogit.utu.fi\/kulttuurihistoria\/wp-content\/uploads\/sites\/652\/2014\/09\/taide1-576x1024.jpg 576w, https:\/\/blogit.utu.fi\/kulttuurihistoria\/wp-content\/uploads\/sites\/652\/2014\/09\/taide1-768x1365.jpg 768w, https:\/\/blogit.utu.fi\/kulttuurihistoria\/wp-content\/uploads\/sites\/652\/2014\/09\/taide1-864x1536.jpg 864w\" sizes=\"auto, (max-width: 168px) 100vw, 168px\" \/><\/a><\/p>\n","protected":false},"excerpt":{"rendered":"<p>Olin 4.-8. syyskuuta Turun Historiallisen Yhdistyksen j\u00e4rjest\u00e4m\u00e4ll\u00e4 perinteisell\u00e4 syysmatkalla. Matka suuntautui t\u00e4ll\u00e4 kertaa Liettuaan. Vilnassa majoituimme perinteikk\u00e4\u00e4seen Astorija-hotelliin vanhassakaupungissa; t\u00e4\u00e4lt\u00e4 teimme pitk\u00e4t retket my\u00f6s Kaunasin kaupunkiin ja Trakain kyl\u00e4\u00e4n. Matka oli loistavasti j\u00e4rjestetty, meill\u00e4 oli fantastinen opas ja kaikki meni aivan nappiin kes\u00e4isi\u00e4 s\u00e4it\u00e4 my\u00f6ten. Kohokohtia oli paljon, enk\u00e4 voi niit\u00e4 t\u00e4ss\u00e4 kaikkia k\u00e4yd\u00e4 l\u00e4pi, [&hellip;]<\/p>\n","protected":false},"author":767,"featured_media":0,"comment_status":"open","ping_status":"open","sticky":false,"template":"","format":"standard","meta":{"footnotes":""},"categories":[7],"tags":[],"class_list":["post-1283","post","type-post","status-publish","format-standard","hentry","category-yleiset","post-preview"],"_links":{"self":[{"href":"https:\/\/blogit.utu.fi\/kulttuurihistoria\/wp-json\/wp\/v2\/posts\/1283","targetHints":{"allow":["GET"]}}],"collection":[{"href":"https:\/\/blogit.utu.fi\/kulttuurihistoria\/wp-json\/wp\/v2\/posts"}],"about":[{"href":"https:\/\/blogit.utu.fi\/kulttuurihistoria\/wp-json\/wp\/v2\/types\/post"}],"author":[{"embeddable":true,"href":"https:\/\/blogit.utu.fi\/kulttuurihistoria\/wp-json\/wp\/v2\/users\/767"}],"replies":[{"embeddable":true,"href":"https:\/\/blogit.utu.fi\/kulttuurihistoria\/wp-json\/wp\/v2\/comments?post=1283"}],"version-history":[{"count":0,"href":"https:\/\/blogit.utu.fi\/kulttuurihistoria\/wp-json\/wp\/v2\/posts\/1283\/revisions"}],"wp:attachment":[{"href":"https:\/\/blogit.utu.fi\/kulttuurihistoria\/wp-json\/wp\/v2\/media?parent=1283"}],"wp:term":[{"taxonomy":"category","embeddable":true,"href":"https:\/\/blogit.utu.fi\/kulttuurihistoria\/wp-json\/wp\/v2\/categories?post=1283"},{"taxonomy":"post_tag","embeddable":true,"href":"https:\/\/blogit.utu.fi\/kulttuurihistoria\/wp-json\/wp\/v2\/tags?post=1283"}],"curies":[{"name":"wp","href":"https:\/\/api.w.org\/{rel}","templated":true}]}}