{"id":4705,"date":"2026-02-11T14:22:57","date_gmt":"2026-02-11T14:22:57","guid":{"rendered":"https:\/\/blogit.utu.fi\/kulttuurihistoria\/?p=4705"},"modified":"2026-02-11T14:23:22","modified_gmt":"2026-02-11T14:23:22","slug":"tiedon-ja-tarinoiden-vuosisata","status":"publish","type":"post","link":"https:\/\/blogit.utu.fi\/kulttuurihistoria\/2026\/02\/11\/tiedon-ja-tarinoiden-vuosisata\/","title":{"rendered":"Tiedon ja tarinoiden vuosisata"},"content":{"rendered":"\n<h2 class=\"wp-block-heading\">1800-luvun verkoston vuosikonferenssi Turussa 29.-30.1.2026<\/h2>\n\n\n\n<p>Aurinkoisessa pakkass\u00e4\u00e4ss\u00e4 paistattelevaan Turkuun kokoontui pitk\u00e4n 1800-luvun teemojen houkuttelemana runsas ja monipuolinen tutkijajoukko. Teemana t\u00e4ll\u00e4 1800-luvun verkoston 15. vuosikonferenssilla oli Tiedon ja tarinoiden vuosisata. Konferenssi levitt\u00e4ytyi sek\u00e4 Turun yliopiston ett\u00e4 \u00c5bo Akademin tiloihin.<\/p>\n\n\n\n<p>Odotukset olivat korkealla, sill\u00e4 tutkija Hanna Karhun sanoin 1800-luvun vuosikonferenssi ei ole mik\u00e4 tahansa tapahtuma, vaan: \u201dKyseess\u00e4 on yksi vuoden ehdottomista kohokohdista!\u201d Monipuolisesta ohjelmasta haasteeksi muodostuikin valita, mihin sessioon kulloinkin osallistuisi. <\/p>\n\n\n\n<p>Kutsuesitelm\u00e4t l\u00e4hestyiv\u00e4t kukin tiedon ja tarinoiden tematiikaa, toisiaan t\u00e4ydent\u00e4en. Konferenssin aloittanut Asko Nivalan syv\u00e4luotaava esitelm\u00e4 antoi hienon pohjavireen koko tapahtumalle. Nivala loi Turkkilaisen shakkikoneen j\u00e4nnitt\u00e4v\u00e4n historian kautta pitk\u00e4n katseen siihen, miten inhimillisen ajattelun rajat on eri aikoina ymm\u00e4rretty. Samalla kuultiin, miten lukuisat tarinat ovat vaikuttaneet toisiinsa ja inspiroineet uusiin tulkintoihin. Omaan mieleeni j\u00e4i kummittelemaan tarina Ren\u00e9 Descartesin kuolleen tytt\u00e4ren mukaan rakennetusta mekaanisesta koneesta, joka olisi filosofin muuttaessa Tukholmaan heitetty mereen paholaisen pelossa. Torstaina iltap\u00e4iv\u00e4ll\u00e4 Anna Sundelin puhui naisyritt\u00e4jyydest\u00e4 Suomessa 1800-luvun lopulla avaten monia kysymyksi\u00e4 liittyen sek\u00e4 yritt\u00e4jyyden mahdollisuuksiin ett\u00e4 vaikeuksiin. Samalla Sundelin nosti esiin nykytutkijan n\u00e4k\u00f6kulman haasteet l\u00f6yt\u00e4\u00e4 j\u00e4lki\u00e4 menneisyyden naistoimijoista. Toisena konferenssip\u00e4iv\u00e4n\u00e4 Kati Launis kertoi monipuolisesti datarikasteisen kirjallisuudentutkimuksen mahdollisuuksista tarkastella kirjallisuushistoriaa tutkimuskohteenaan erityisesti Fennican bibliografinen kuvailutieto. Kiehtovien mahdollisuuksien ja monen entuudestaan tuntemattoman kirjailijan esiin nostamisen lis\u00e4ksi Launis teki sopivasti tarinan avulla selv\u00e4ksi sen, miten inhimillinen kosketus jatkuvasti vaikuttaa tutkimuksessa kaikkeen siihenkin, mit\u00e4 nyky\u00e4\u00e4n saatamme tutkia digitoidusti. Launis muistutti siit\u00e4, miten Turun palo aikanaan tuhosi 40&nbsp;000 nidett\u00e4 ja pohti, miettik\u00f6 kirjastonhoitaja Pipping loppuik\u00e4ns\u00e4 sit\u00e4, olisiko tilanne voinut p\u00e4\u00e4ty\u00e4 toisin, jos kirjaston ikkunoita suojaavat rautaluukut olisivat olleet kiinni, kuten tarkoitus oli.<\/p>\n\n\n\n<p>Sessioissa avautui tutkimuksen ja n\u00e4k\u00f6kulmien kiehtova kaleidoskooppi. Ensimm\u00e4isen\u00e4 p\u00e4iv\u00e4n\u00e4 tutustuin itse muun muassa varhaiseen saamelaisuuden kuvaajaan taiteilija Juho Kyyhkyseen Tuija Hautala-Hirviojan johdatuksella, kuulin miten turkulaiset museot l\u00e4hestyv\u00e4t tietoa ja tarinoita muun muassa hy\u00f6dynt\u00e4en biofiktiota kokoelmiensa esitt\u00e4misess\u00e4 yleis\u00f6lle sek\u00e4 seurasin erilaisia tapoja k\u00e4ytt\u00e4\u00e4 digitoitua aineistoa tutkimuksessa. Oman tutkimukseni kannalta aivan erityisell\u00e4 mielenkiinnolla kuuntelin, mit\u00e4 W\u00e4in\u00f6 Aaltosen museon Johanna Sepp\u00e4 kertoi taiteilija Aaltosen huonokuuloisuudesta sek\u00e4 miten Heikki Kokko hahmotti kokemuksen yhteiskunta- ja kulttuurihistoriaa. Toisena p\u00e4iv\u00e4n\u00e4 osallistuin omalla paperillani sessioon sairauksista ja vammaisuudesta puhuen Volter Kilven huonokuuloisuuden kokemuksesta. Erityisen arvokasta oli keskustella aiheesta yleis\u00f6n ja muiden puhujien kanssa. Lounaan j\u00e4lkeen ehdin osallistua viel\u00e4 sessioon, jossa k\u00e4siteltiin monia erilaisia el\u00e4m\u00e4kerrallisia kohtaloita ja tutkimuskysymyksi\u00e4.<\/p>\n\n\n\n<p>1800-luvun verkoston j\u00e4rjest\u00e4m\u00e4ss\u00e4 konferenssissa elin ennen kaikkea todeksi sanaa verkosto. Verkostoitumassa olimme sek\u00e4 me nykyp\u00e4iv\u00e4n tutkijat erilaisine n\u00e4k\u00f6kulminemme ett\u00e4 1800-lukuun sijoittuvat tutkimuksemme kohteet: toimijat, aiheet ja ajatukset. Rikastuttavaa oli k\u00e4yd\u00e4 keskusteluja, p\u00e4\u00e4st\u00e4 tapaamaan artikkeleidensa kautta jo tuttuja tekij\u00f6it\u00e4 sek\u00e4 kuulla my\u00f6s monista aiheista, joista itsell\u00e4 ei ollut niin paljon pohjatietoa. Lounaat, kahvihetket ja illanvietto sujuivat aina nopeasti lauseiden j\u00e4\u00e4dess\u00e4 mieleen soimaan. Junaankin tuli kiire, mutta onneksi ehdin yhden lounaspaussin yhteydess\u00e4 k\u00e4yd\u00e4 tervehtim\u00e4ss\u00e4 my\u00f6s Turun Tuomiokirkon historiallista ilmapiiri\u00e4, ennen kuin se ehti sulkea ovensa pitk\u00e4n remontin ajaksi.<\/p>\n\n\n\n<p>Kiitoksia Turku ja 1800-luvun verkosto!<\/p>\n\n\n\n<p>Vuoden 2026 konferenssin ohjelmaan voi tutustua osoitteessa <a href=\"https:\/\/sites.utu.fi\/1800-luku\/ohjelma\/\">https:\/\/sites.utu.fi\/1800-luku\/ohjelma\/<\/a><\/p>\n\n\n\n<p>Seuraavan kerran 1800-luvun verkoston konferenssin j\u00e4rjest\u00e4j\u00e4tahona toimii Suomalaisen Kirjallisuuden Seura  Helsingiss\u00e4 2028 <a href=\"https:\/\/www.finlit.fi\/tutkimus\/tutkimushankkeet\/1800-luvun-tutkimuksen-verkosto\/\">https:\/\/www.finlit.fi\/tutkimus\/tutkimushankkeet\/1800-luvun-tutkimuksen-verkosto\/<\/a><\/p>\n\n\n\n<figure class=\"wp-block-image size-full\"><img loading=\"lazy\" decoding=\"async\" width=\"1920\" height=\"2560\" src=\"https:\/\/blogit.utu.fi\/kulttuurihistoria\/wp-content\/uploads\/sites\/652\/2026\/02\/20260130_130708-1-scaled.jpg\" alt=\"\" class=\"wp-image-4710\" srcset=\"https:\/\/blogit.utu.fi\/kulttuurihistoria\/wp-content\/uploads\/sites\/652\/2026\/02\/20260130_130708-1-scaled.jpg 1920w, https:\/\/blogit.utu.fi\/kulttuurihistoria\/wp-content\/uploads\/sites\/652\/2026\/02\/20260130_130708-1-225x300.jpg 225w\" sizes=\"auto, (max-width: 1920px) 100vw, 1920px\" \/><\/figure>\n\n\n\n<p>Laura Kokko<\/p>\n\n\n","protected":false},"excerpt":{"rendered":"<p>1800-luvun verkoston vuosikonferenssi Turussa 29.-30.1.2026 Aurinkoisessa pakkass\u00e4\u00e4ss\u00e4 paistattelevaan Turkuun kokoontui pitk\u00e4n 1800-luvun teemojen houkuttelemana runsas ja monipuolinen tutkijajoukko. Teemana t\u00e4ll\u00e4 1800-luvun verkoston 15. vuosikonferenssilla oli Tiedon ja tarinoiden vuosisata. Konferenssi levitt\u00e4ytyi sek\u00e4 Turun yliopiston ett\u00e4 \u00c5bo Akademin tiloihin. Odotukset olivat korkealla, sill\u00e4 tutkija Hanna Karhun sanoin 1800-luvun vuosikonferenssi ei ole mik\u00e4 tahansa tapahtuma, vaan: \u201dKyseess\u00e4 [&hellip;]<\/p>\n","protected":false},"author":44415,"featured_media":0,"comment_status":"open","ping_status":"open","sticky":false,"template":"","format":"standard","meta":{"footnotes":""},"categories":[1],"tags":[],"class_list":["post-4705","post","type-post","status-publish","format-standard","hentry","category-uncategorized","post-preview"],"_links":{"self":[{"href":"https:\/\/blogit.utu.fi\/kulttuurihistoria\/wp-json\/wp\/v2\/posts\/4705","targetHints":{"allow":["GET"]}}],"collection":[{"href":"https:\/\/blogit.utu.fi\/kulttuurihistoria\/wp-json\/wp\/v2\/posts"}],"about":[{"href":"https:\/\/blogit.utu.fi\/kulttuurihistoria\/wp-json\/wp\/v2\/types\/post"}],"author":[{"embeddable":true,"href":"https:\/\/blogit.utu.fi\/kulttuurihistoria\/wp-json\/wp\/v2\/users\/44415"}],"replies":[{"embeddable":true,"href":"https:\/\/blogit.utu.fi\/kulttuurihistoria\/wp-json\/wp\/v2\/comments?post=4705"}],"version-history":[{"count":3,"href":"https:\/\/blogit.utu.fi\/kulttuurihistoria\/wp-json\/wp\/v2\/posts\/4705\/revisions"}],"predecessor-version":[{"id":4713,"href":"https:\/\/blogit.utu.fi\/kulttuurihistoria\/wp-json\/wp\/v2\/posts\/4705\/revisions\/4713"}],"wp:attachment":[{"href":"https:\/\/blogit.utu.fi\/kulttuurihistoria\/wp-json\/wp\/v2\/media?parent=4705"}],"wp:term":[{"taxonomy":"category","embeddable":true,"href":"https:\/\/blogit.utu.fi\/kulttuurihistoria\/wp-json\/wp\/v2\/categories?post=4705"},{"taxonomy":"post_tag","embeddable":true,"href":"https:\/\/blogit.utu.fi\/kulttuurihistoria\/wp-json\/wp\/v2\/tags?post=4705"}],"curies":[{"name":"wp","href":"https:\/\/api.w.org\/{rel}","templated":true}]}}