{"id":4735,"date":"2026-03-29T19:58:32","date_gmt":"2026-03-29T19:58:32","guid":{"rendered":"https:\/\/blogit.utu.fi\/kulttuurihistoria\/?p=4735"},"modified":"2026-03-29T20:06:08","modified_gmt":"2026-03-29T20:06:08","slug":"tarinoiden-turku-blogiprojekti-vauhdissa","status":"publish","type":"post","link":"https:\/\/blogit.utu.fi\/kulttuurihistoria\/2026\/03\/29\/tarinoiden-turku-blogiprojekti-vauhdissa\/","title":{"rendered":"Tarinoiden Turku \u2013 blogiprojekti vauhdissa"},"content":{"rendered":"\n<p>Millaista oli joutua kujanjuoksuun 1600-luvun Turussa? Miten turkulaiset viettiv\u00e4t kes\u00e4p\u00e4iv\u00e4\u00e4 Halistenkoskella 1800-luvulla? Miss\u00e4 kaupungin katukuvassa n\u00e4kyv\u00e4t yh\u00e4 sodan arvet?<\/p>\n\n\n<div class=\"wp-block-image\">\n<figure class=\"alignleft size-large is-resized\"><img loading=\"lazy\" decoding=\"async\" width=\"1024\" height=\"536\" src=\"https:\/\/blogit.utu.fi\/kulttuurihistoria\/wp-content\/uploads\/sites\/652\/2026\/03\/800tarinaa-1024x536.png\" alt=\"\" class=\"wp-image-4736\" style=\"width:338px;height:auto\" srcset=\"https:\/\/blogit.utu.fi\/kulttuurihistoria\/wp-content\/uploads\/sites\/652\/2026\/03\/800tarinaa-1024x536.png 1024w, https:\/\/blogit.utu.fi\/kulttuurihistoria\/wp-content\/uploads\/sites\/652\/2026\/03\/800tarinaa-300x157.png 300w, https:\/\/blogit.utu.fi\/kulttuurihistoria\/wp-content\/uploads\/sites\/652\/2026\/03\/800tarinaa-768x402.png 768w, https:\/\/blogit.utu.fi\/kulttuurihistoria\/wp-content\/uploads\/sites\/652\/2026\/03\/800tarinaa-1536x804.png 1536w, https:\/\/blogit.utu.fi\/kulttuurihistoria\/wp-content\/uploads\/sites\/652\/2026\/03\/800tarinaa-2048x1072.png 2048w, https:\/\/blogit.utu.fi\/kulttuurihistoria\/wp-content\/uploads\/sites\/652\/2026\/03\/800tarinaa-676x354.png 676w\" sizes=\"auto, (max-width: 1024px) 100vw, 1024px\" \/><\/figure><\/div>\n\n\n<p>T\u00e4llaisia, ja monia muita kysymyksi\u00e4, on k\u00e4sitelty 1. syyskuuta 2025 k\u00e4ynnistyneess\u00e4 blogiprojektissa <em>800 tarinaa Turun historiasta<\/em>, <a href=\"https:\/\/blogit.utu.fi\/turku800\/\">https:\/\/blogit.utu.fi\/turku800\/<\/a>. Idea syntyi Historian ja arkeologian tutkinto-ohjelman piiriss\u00e4, kun pohdimme historian merkityst\u00e4 tulevien vuosien aikana. Turun palosta tulee kuluneeksi 200 vuotta vuonna 2027, ja Turun kaupunki juhlii vuosisataista historiaansa vuonna 2029.<\/p>\n\n\n\n<p>Blogin ideana on julkaista lyhyit\u00e4 kirjoituksia Turun ja turkulaisten menneisyydest\u00e4, ihmiskohtaloista, tilanteista ja tapahtumista \u2013 niin arjen kuin juhlankin hetkist\u00e4. Tavoitteena on tarjota 800 v\u00e4l\u00e4hdyst\u00e4 juhlavuoteen 2029 menness\u00e4.\u00a0Tekstit ovat lyhyit\u00e4, 2000\u20133000 merkin mittaisia, niin ett\u00e4 niit\u00e4 voi nopeasti lukea. Ainakin itse ajattelin, ett\u00e4 pienten tekstien kautta historiasta voisi tulla osa arkip\u00e4iv\u00e4\u00e4. Mennyt olisi p\u00e4ivitt\u00e4in l\u00e4sn\u00e4, ja tekstit olisivat kuin viestej\u00e4 menneilt\u00e4 vuosisadoilta. Lukija voi tilata blogin omaan s\u00e4hk\u00f6postiinsa ja sit\u00e4 kautta pysy\u00e4 mukana uutisvirrassa. T\u00e4ll\u00e4 hetkell\u00e4 tilaajia on runsaat sata henke\u00e4.<\/p>\n\n\n\n<p>Kun kirjoitan t\u00e4t\u00e4, blogissa on ehditty julkaista jo 92 artikkelia. Sadan tekstin rajapyykki saavutetaan huhtikuun 2026 aikana. Sivuja on ladattu 21\u00a0700 kertaa, mik\u00e4 on varsin paljon, kun ajatellaan, ett\u00e4 blogi on toiminut vasta seitsem\u00e4n kuukautta.<\/p>\n\n\n\n<p>Olennainen k\u00e4\u00e4nne projektissa tapahtui vuodenvaihteessa, kun kokenut k\u00e4\u00e4nt\u00e4j\u00e4 Brita L\u00f6flund otti yhteytt\u00e4 ja toivoi, ett\u00e4 julkaisisimme Turun historiasta my\u00f6s ruotsiksi. Brita ryhtyi oma-aloitteisesti ruotsintamaan syksyn aikana kirjoitettuja tekstej\u00e4, ja pian karttui iso varasto kirjoituksia julkaistavaksi.<\/p>\n\n\n<div class=\"wp-block-image\">\n<figure class=\"alignleft size-large is-resized\"><img loading=\"lazy\" decoding=\"async\" width=\"1024\" height=\"548\" src=\"https:\/\/blogit.utu.fi\/kulttuurihistoria\/wp-content\/uploads\/sites\/652\/2026\/03\/800berattelser-1024x548.png\" alt=\"\" class=\"wp-image-4737\" style=\"width:285px;height:auto\" srcset=\"https:\/\/blogit.utu.fi\/kulttuurihistoria\/wp-content\/uploads\/sites\/652\/2026\/03\/800berattelser-1024x548.png 1024w, https:\/\/blogit.utu.fi\/kulttuurihistoria\/wp-content\/uploads\/sites\/652\/2026\/03\/800berattelser-300x160.png 300w, https:\/\/blogit.utu.fi\/kulttuurihistoria\/wp-content\/uploads\/sites\/652\/2026\/03\/800berattelser-768x411.png 768w, https:\/\/blogit.utu.fi\/kulttuurihistoria\/wp-content\/uploads\/sites\/652\/2026\/03\/800berattelser-1536x821.png 1536w, https:\/\/blogit.utu.fi\/kulttuurihistoria\/wp-content\/uploads\/sites\/652\/2026\/03\/800berattelser-2048x1095.png 2048w, https:\/\/blogit.utu.fi\/kulttuurihistoria\/wp-content\/uploads\/sites\/652\/2026\/03\/800berattelser-676x361.png 676w\" sizes=\"auto, (max-width: 1024px) 100vw, 1024px\" \/><\/figure><\/div>\n\n\n<p>N\u00e4in sai alkunsa rinnakkaisblogi <em>800 ber\u00e4ttelser ur \u00c5bo stads historia<\/em>, jonka ensimm\u00e4inen teksti ilmestyi 7. tammikuuta 2026. Nyt ruotsinkielisi\u00e4 tekstej\u00e4 on julkaistu jo 41 kappaletta, ja blogi kasvaa viiden kirjoituksen viikkovauhtia. Ruotsinkielinen sivusto l\u00f6ytyy osoitteesta <a href=\"https:\/\/blogit.utu.fi\/abo800\/\">https:\/\/blogit.utu.fi\/abo800\/<\/a><\/p>\n\n\n\n<p>Ainakin itse toivon, ett\u00e4 blogit tuottaisivat mahdollisimman paljon iloa tulevien vuosien aikana \u2013 ja samalla v\u00e4litt\u00e4isiv\u00e4t tietoa Turun kaupungin historiasta ja sen el\u00e4m\u00e4n monimuotoisuudesta vuosisatojen aikana. Jos jaksamme pit\u00e4\u00e4 blogia yll\u00e4, siit\u00e4 karttuu ainutlaatuinen tietokanta Turun ja turkulaisten menneisyyteen.<\/p>\n\n\n\n<p>Hannu Salmi<\/p>\n","protected":false},"excerpt":{"rendered":"<p>Millaista oli joutua kujanjuoksuun 1600-luvun Turussa? Miten turkulaiset viettiv\u00e4t kes\u00e4p\u00e4iv\u00e4\u00e4 Halistenkoskella 1800-luvulla? Miss\u00e4 kaupungin katukuvassa n\u00e4kyv\u00e4t yh\u00e4 sodan arvet? T\u00e4llaisia, ja monia muita kysymyksi\u00e4, on k\u00e4sitelty 1. syyskuuta 2025 k\u00e4ynnistyneess\u00e4 blogiprojektissa 800 tarinaa Turun historiasta, https:\/\/blogit.utu.fi\/turku800\/. Idea syntyi Historian ja arkeologian tutkinto-ohjelman piiriss\u00e4, kun pohdimme historian merkityst\u00e4 tulevien vuosien aikana. Turun palosta tulee kuluneeksi 200 [&hellip;]<\/p>\n","protected":false},"author":29,"featured_media":0,"comment_status":"open","ping_status":"open","sticky":false,"template":"","format":"standard","meta":{"footnotes":""},"categories":[5,6],"tags":[],"class_list":["post-4735","post","type-post","status-publish","format-standard","hentry","category-tutkimus","category-yhteiskunnallinen-vaikuttaminen","post-preview"],"_links":{"self":[{"href":"https:\/\/blogit.utu.fi\/kulttuurihistoria\/wp-json\/wp\/v2\/posts\/4735","targetHints":{"allow":["GET"]}}],"collection":[{"href":"https:\/\/blogit.utu.fi\/kulttuurihistoria\/wp-json\/wp\/v2\/posts"}],"about":[{"href":"https:\/\/blogit.utu.fi\/kulttuurihistoria\/wp-json\/wp\/v2\/types\/post"}],"author":[{"embeddable":true,"href":"https:\/\/blogit.utu.fi\/kulttuurihistoria\/wp-json\/wp\/v2\/users\/29"}],"replies":[{"embeddable":true,"href":"https:\/\/blogit.utu.fi\/kulttuurihistoria\/wp-json\/wp\/v2\/comments?post=4735"}],"version-history":[{"count":2,"href":"https:\/\/blogit.utu.fi\/kulttuurihistoria\/wp-json\/wp\/v2\/posts\/4735\/revisions"}],"predecessor-version":[{"id":4740,"href":"https:\/\/blogit.utu.fi\/kulttuurihistoria\/wp-json\/wp\/v2\/posts\/4735\/revisions\/4740"}],"wp:attachment":[{"href":"https:\/\/blogit.utu.fi\/kulttuurihistoria\/wp-json\/wp\/v2\/media?parent=4735"}],"wp:term":[{"taxonomy":"category","embeddable":true,"href":"https:\/\/blogit.utu.fi\/kulttuurihistoria\/wp-json\/wp\/v2\/categories?post=4735"},{"taxonomy":"post_tag","embeddable":true,"href":"https:\/\/blogit.utu.fi\/kulttuurihistoria\/wp-json\/wp\/v2\/tags?post=4735"}],"curies":[{"name":"wp","href":"https:\/\/api.w.org\/{rel}","templated":true}]}}