{"id":536,"date":"2026-04-10T15:43:25","date_gmt":"2026-04-10T12:43:25","guid":{"rendered":"https:\/\/blogit.utu.fi\/opolaw\/?p=536"},"modified":"2026-04-17T15:04:05","modified_gmt":"2026-04-17T12:04:05","slug":"muistilista-kevatlukukauden-viimeistelyyn","status":"publish","type":"post","link":"https:\/\/blogit.utu.fi\/opolaw\/2026\/04\/10\/muistilista-kevatlukukauden-viimeistelyyn\/","title":{"rendered":"Muistilista kev\u00e4tlukukauden viimeistelyyn"},"content":{"rendered":"\n<p>Vappu l\u00e4hestyy vauhdilla, mik\u00e4 tarkoittaa monelle my\u00f6s t\u00e4m\u00e4n lukuvuoden opintojen viimeistely\u00e4. T\u00e4ss\u00e4p\u00e4 siis lyhyt muistilista tarkistettavaksi loppukev\u00e4tt\u00e4 ja ensi syksy\u00e4 koskevista opintoasioista ennen kes\u00e4laitumille kirmaamista:<\/p>\n\n\n\n<ul class=\"wp-block-list\">\n<li><strong>Ensi syksyn opetusaikataulut ja kurssien ilmoittautumisajat<\/strong> julkaistaan <a href=\"https:\/\/opas.peppi.utu.fi\/fi\/perustutkintokoulutus\/oikeustieteellinen-tiedekunta\/14002\/13353?period=2024-2027\">opinto-oppaassa<\/a> viimeist\u00e4\u00e4n 15.6.2026.<\/li>\n<\/ul>\n\n\n\n<p>Ota seuraavat aikataulut muistiin:<\/p>\n\n\n\n<p><a href=\"https:\/\/www.utu.fi\/fi\/opiskelijaksi\/ilmo\"><strong>Lukuvuosi-ilmoittautuminen yliopistoon lukuvuodelle 2026<\/strong>\u2013<strong>2027<\/strong><\/a><strong>:<\/strong><\/p>\n\n\n\n<ul class=\"wp-block-list\">\n<li>Jatkavat opiskelijat ilmoittautuvat <a href=\"https:\/\/oili.csc.fi\/\">Oili-ilmoittautumispalvelussa<\/a> 1.6.\u201331.8.2026.<\/li>\n\n\n\n<li>Voit ilmoittautua l\u00e4sn\u00e4- tai poissaolevaksi, mutta ainoastaan l\u00e4sn\u00e4oleva opiskelija voi saada suoritusmerkint\u00f6j\u00e4 tai tutkintotodistuksen.<\/li>\n<\/ul>\n\n\n\n<p><a href=\"https:\/\/intranet.utu.fi\/fi\/yksikot\/law\/studying\/perustutkinto-opiskelu\/erikoistumisjaksot\"><strong>Erikoistumisjaksot<\/strong><\/a><strong>:<\/strong><\/p>\n\n\n\n<ul class=\"wp-block-list\">\n<li>Infotilaisuus 12.5.2026 klo 12\u201313 <a href=\"https:\/\/utu.zoom.us\/j\/66571305039\">Zoomissa<\/a>.<\/li>\n\n\n\n<li>Hakuaika 4.8. klo 9.00\u201310.8. klo 15.00.<\/li>\n\n\n\n<li>Valinnan tulokset n\u00e4kyv\u00e4t Pepiss\u00e4 viimeist\u00e4\u00e4n 18.8.<\/li>\n<\/ul>\n\n\n\n<p><a href=\"https:\/\/intranet.utu.fi\/fi\/yksikot\/law\/studying\/perustutkinto-opiskelu\/syventavat\"><strong>Syvent\u00e4v\u00e4t opinnot<\/strong><\/a><strong>:<\/strong><\/p>\n\n\n\n<ul class=\"wp-block-list\">\n<li>Infotilaisuus 12.5.2026 klo 13\u201314 Zoomissa.<\/li>\n\n\n\n<li>Hakuaika 5.8. klo 9.00\u201310.8. klo 12.00 (keskip\u00e4iv\u00e4).<\/li>\n\n\n\n<li>Valinnan tulokset ilmoitetaan hakijoille s\u00e4hk\u00f6postitse viimeist\u00e4\u00e4n 24.8. klo 15.00.<\/li>\n<\/ul>\n\n\n\n<p><strong>Kes\u00e4opinnot<\/strong><\/p>\n\n\n\n<ul class=\"wp-block-list\">\n<li>Voit halutessasi kehitt\u00e4\u00e4 osaamistasi ja edist\u00e4\u00e4 opintoja suorittamalla kes\u00e4opintoja! Kattavamman tiedon l\u00f6yd\u00e4t <a href=\"https:\/\/blogit.utu.fi\/opolaw\/2026\/03\/24\/kesaopinnot-2026\/\">t\u00e4st\u00e4 tiedotteesta<\/a>.<\/li>\n<\/ul>\n\n\n\n<p><strong>Mietitytt\u00e4\u00e4k\u00f6 kes\u00e4ajan toimeentulo?<\/strong><\/p>\n\n\n\n<p>Tutustu Kelan kokoamaan tiedotteeseen, jossa on ajankohtaista infoa my\u00f6s vastavalmistuneille: <a href=\"https:\/\/www.kela.fi\/ajankohtaista\/opiskelijan-kesa\">https:\/\/www.kela.fi\/ajankohtaista\/opiskelijan-kesa<\/a><\/p>\n\n\n\n<p><a href=\"https:\/\/intranet.utu.fi\/fi\/yksikot\/law\/studying\/valmistuminen\"><strong>Valmistuminen<\/strong><\/a><\/p>\n\n\n\n<ul class=\"wp-block-list\">\n<li>Jos haluat saada s\u00e4hk\u00f6isen tutkintotodistuksen<em> ennen opintotoimiston kes\u00e4lomia<\/em>, kaikkien tutkintoosi kuuluvien suoritusten tulee olla kirjattuna Pepiss\u00e4 ja todistushakemuslomake l\u00e4hetettyn\u00e4 viimeist\u00e4\u00e4n 22.6.2026.\n<ul class=\"wp-block-list\">\n<li>Jos saat opinnot kasaan 22.6. j\u00e4lkeen, voit l\u00e4hett\u00e4\u00e4 tutkintotodistushakemuksen my\u00f6s silloin, mutta tutkinnon kokoaminen ja s\u00e4hk\u00f6isen tutkintotodistuksen saaminen menee alkusyksyyn.<\/li>\n<\/ul>\n<\/li>\n<\/ul>\n\n\n\n<p><a href=\"https:\/\/intranet.utu.fi\/fi\/yksikot\/law\/studying\/valmistuminen\/Sivut\/Publiikki.aspx\"><strong>Publiikki<\/strong><\/a><\/p>\n\n\n\n<ul class=\"wp-block-list\">\n<li>Kev\u00e4\u00e4n publiikki j\u00e4rjestet\u00e4\u00e4n <strong>perjantaina 12.6.2026 klo 12.15 Calonian auditoriossa<\/strong>. Valmistuville ja jo aiemmin valmistuneille l\u00e4hetet\u00e4\u00e4n publiikkiin erillinen kutsu, joka sis\u00e4lt\u00e4\u00e4 ohjeet publiikkiin ilmoittautumiseen.<\/li>\n\n\n\n<li>Publiikkiin osallistuvan on huolehdittava siit\u00e4, ett\u00e4 kaikki vaadittavat opintosuoritukset (\u200bOTM-tutkielman ja kypsyysn\u00e4ytteen hyv\u00e4ksyminen mukaan lukien) l\u00f6ytyv\u00e4t rekister\u00f6ityn\u00e4 opintotietoj\u00e4rjestelm\u00e4st\u00e4&nbsp;ja hakulomake valmistumista varten on palautettu viimeist\u00e4\u00e4n&nbsp;29.5.2026.<\/li>\n<\/ul>\n","protected":false},"excerpt":{"rendered":"<p>Vappu l\u00e4hestyy vauhdilla, mik\u00e4 tarkoittaa monelle my\u00f6s t\u00e4m\u00e4n lukuvuoden opintojen viimeistely\u00e4. T\u00e4ss\u00e4p\u00e4 siis lyhyt muistilista tarkistettavaksi loppukev\u00e4tt\u00e4 ja ensi syksy\u00e4<\/p>\n","protected":false},"author":36903,"featured_media":537,"comment_status":"open","ping_status":"open","sticky":false,"template":"","format":"standard","meta":{"footnotes":""},"categories":[6,7],"tags":[],"class_list":["post-536","post","type-post","status-publish","format-standard","has-post-thumbnail","hentry","category-opinnot","category-valmistuminen"],"_links":{"self":[{"href":"https:\/\/blogit.utu.fi\/opolaw\/wp-json\/wp\/v2\/posts\/536","targetHints":{"allow":["GET"]}}],"collection":[{"href":"https:\/\/blogit.utu.fi\/opolaw\/wp-json\/wp\/v2\/posts"}],"about":[{"href":"https:\/\/blogit.utu.fi\/opolaw\/wp-json\/wp\/v2\/types\/post"}],"author":[{"embeddable":true,"href":"https:\/\/blogit.utu.fi\/opolaw\/wp-json\/wp\/v2\/users\/36903"}],"replies":[{"embeddable":true,"href":"https:\/\/blogit.utu.fi\/opolaw\/wp-json\/wp\/v2\/comments?post=536"}],"version-history":[{"count":3,"href":"https:\/\/blogit.utu.fi\/opolaw\/wp-json\/wp\/v2\/posts\/536\/revisions"}],"predecessor-version":[{"id":543,"href":"https:\/\/blogit.utu.fi\/opolaw\/wp-json\/wp\/v2\/posts\/536\/revisions\/543"}],"wp:featuredmedia":[{"embeddable":true,"href":"https:\/\/blogit.utu.fi\/opolaw\/wp-json\/wp\/v2\/media\/537"}],"wp:attachment":[{"href":"https:\/\/blogit.utu.fi\/opolaw\/wp-json\/wp\/v2\/media?parent=536"}],"wp:term":[{"taxonomy":"category","embeddable":true,"href":"https:\/\/blogit.utu.fi\/opolaw\/wp-json\/wp\/v2\/categories?post=536"},{"taxonomy":"post_tag","embeddable":true,"href":"https:\/\/blogit.utu.fi\/opolaw\/wp-json\/wp\/v2\/tags?post=536"}],"curies":[{"name":"wp","href":"https:\/\/api.w.org\/{rel}","templated":true}]}}