{"id":552,"date":"2026-04-29T12:53:02","date_gmt":"2026-04-29T09:53:02","guid":{"rendered":"https:\/\/blogit.utu.fi\/opolaw\/?p=552"},"modified":"2026-04-29T12:53:03","modified_gmt":"2026-04-29T09:53:03","slug":"kiinnostaako-ranskan-sivuaine","status":"publish","type":"post","link":"https:\/\/blogit.utu.fi\/opolaw\/2026\/04\/29\/kiinnostaako-ranskan-sivuaine\/","title":{"rendered":"Kiinnostaako ranskan sivuaine?"},"content":{"rendered":"\n<p>Kieli- ja k\u00e4\u00e4nn\u00f6stieteiden laitos \/ Ranska<\/p>\n\n\n\n<p><strong>Opiskele ranskaa sivuaineena!<\/strong><\/p>\n\n\n\n<p>Hanki ty\u00f6el\u00e4m\u00e4\u00e4n lis\u00e4arvoa tuottava kielitaito. Kehit\u00e4 ranskan osaamistasi ja kulttuurienv\u00e4lisen viestinn\u00e4n taitojasi, vaikka et olisi aikaisemmin lukenut ranskaa!<\/p>\n\n\n\n<figure class=\"wp-block-table\"><table class=\"has-fixed-layout\"><tbody><tr><td><strong>\ud83d\udcc5&nbsp; Sivuaineoikeuden haku: elokuu 2026<\/strong> <strong>Paikkoja enint\u00e4\u00e4n 20.&nbsp; <\/strong>Ilmoittaudu viimeist\u00e4\u00e4n <strong>21.8.2026 klo 12.00<\/strong>.<\/td><\/tr><\/tbody><\/table><\/figure>\n\n\n\n<p>Sivuaineoikeutta voi hakea:<\/p>\n\n\n\n<p><strong>1)&nbsp; Yo-kirjoitusten perusteella \u2013 <\/strong>Ilmoittaudu s\u00e4hk\u00f6isell\u00e4 lomakkeella viimeist\u00e4\u00e4n <strong>21.8.2026 klo 12.00<\/strong>.<\/p>\n\n\n\n<figure class=\"wp-block-table\"><table class=\"has-fixed-layout\"><tbody><tr><td>Ilman valintakoetta hyv\u00e4ksyt\u00e4\u00e4n hakijat, jotka ovat kirjoittaneet ranskan kielen <strong>pitk\u00e4ss\u00e4 oppim\u00e4\u00e4r\u00e4ss\u00e4<\/strong> (A1- tai A2-kieli) v\u00e4hint\u00e4\u00e4n <strong>cum laude approbaturin<\/strong>, <strong>lyhyess\u00e4 oppim\u00e4\u00e4r\u00e4ss\u00e4<\/strong> (B2- tai B3-kieli) v\u00e4hint\u00e4\u00e4n <strong>magna cum laude approbaturin<\/strong> tai saaneet IB-, EB- tai Reifepr\u00fcfung-tutkinnossa vastaavan arvosanan.<\/td><\/tr><\/tbody><\/table><\/figure>\n\n\n\n<p><strong>2)&nbsp; Suorittamalla <\/strong><strong>sivuaineen valintakokeen \u2013 aiempaa ranskan osaamista ei vaadita.<\/strong> Kokeessa mitataan motivaatiota ja korkeakoulukypsyytt\u00e4.<\/p>\n\n\n\n<p>Mahdollista ranskan kielen taitoa mitataan <strong>l\u00e4ht\u00f6tasokokeessa<\/strong>, joka tehd\u00e4\u00e4n sivuainekokeen yhteydess\u00e4.<\/p>\n\n\n\n<figure class=\"wp-block-table\"><table class=\"has-fixed-layout\"><tbody><tr><td><strong>\u270f\ufe0f&nbsp; Valintakoe<\/strong> <strong>Aika: <\/strong>25.8.2026 klo 12.00\u201315.00&nbsp;&nbsp; <strong>Paikka: <\/strong>Arcanum, sali A112 <strong>Ilmoittautuminen: <\/strong>1.4.2026 alkaen \u2013 viimeist\u00e4\u00e4n 21.8.2026 klo 12.00 <strong>A&nbsp; Motivaatiokirje<\/strong> \u2013 lyhyt essee (n. 1 sivu) suomeksi ranskan opiskelumotivaatiosta, max. 15 p. <strong>B&nbsp; L\u00e4ht\u00f6tasokoe<\/strong> \u2013 vain ranskan kielt\u00e4 aiemmin opiskelleille, suoritetaan valintakokeen yhteydess\u00e4<\/td><\/tr><\/tbody><\/table><\/figure>\n\n\n\n<p><strong>\ud83c\udf1f Hae nyt!<\/strong><\/p>\n\n\n\n<p>Lis\u00e4tietoa ja ilmoittautumislinkki:<\/p>\n\n\n\n<p><a href=\"https:\/\/www.utu.fi\/fi\/yliopisto\/humanistinen-tiedekunta\/opiskelu\/muu-koulutustarjonta\/sivuaineopinnot\">https:\/\/www.utu.fi\/fi\/yliopisto\/humanistinen-tiedekunta\/opiskelu\/muu-koulutustarjonta\/sivuaineopinnot<\/a><\/p>\n","protected":false},"excerpt":{"rendered":"<p>Kieli- ja k\u00e4\u00e4nn\u00f6stieteiden laitos \/ Ranska Opiskele ranskaa sivuaineena! Hanki ty\u00f6el\u00e4m\u00e4\u00e4n lis\u00e4arvoa tuottava kielitaito. Kehit\u00e4 ranskan osaamistasi ja kulttuurienv\u00e4lisen viestinn\u00e4n<\/p>\n","protected":false},"author":1022,"featured_media":553,"comment_status":"open","ping_status":"open","sticky":false,"template":"","format":"standard","meta":{"footnotes":""},"categories":[1],"tags":[],"class_list":["post-552","post","type-post","status-publish","format-standard","has-post-thumbnail","hentry","category-yleinen"],"_links":{"self":[{"href":"https:\/\/blogit.utu.fi\/opolaw\/wp-json\/wp\/v2\/posts\/552","targetHints":{"allow":["GET"]}}],"collection":[{"href":"https:\/\/blogit.utu.fi\/opolaw\/wp-json\/wp\/v2\/posts"}],"about":[{"href":"https:\/\/blogit.utu.fi\/opolaw\/wp-json\/wp\/v2\/types\/post"}],"author":[{"embeddable":true,"href":"https:\/\/blogit.utu.fi\/opolaw\/wp-json\/wp\/v2\/users\/1022"}],"replies":[{"embeddable":true,"href":"https:\/\/blogit.utu.fi\/opolaw\/wp-json\/wp\/v2\/comments?post=552"}],"version-history":[{"count":1,"href":"https:\/\/blogit.utu.fi\/opolaw\/wp-json\/wp\/v2\/posts\/552\/revisions"}],"predecessor-version":[{"id":554,"href":"https:\/\/blogit.utu.fi\/opolaw\/wp-json\/wp\/v2\/posts\/552\/revisions\/554"}],"wp:featuredmedia":[{"embeddable":true,"href":"https:\/\/blogit.utu.fi\/opolaw\/wp-json\/wp\/v2\/media\/553"}],"wp:attachment":[{"href":"https:\/\/blogit.utu.fi\/opolaw\/wp-json\/wp\/v2\/media?parent=552"}],"wp:term":[{"taxonomy":"category","embeddable":true,"href":"https:\/\/blogit.utu.fi\/opolaw\/wp-json\/wp\/v2\/categories?post=552"},{"taxonomy":"post_tag","embeddable":true,"href":"https:\/\/blogit.utu.fi\/opolaw\/wp-json\/wp\/v2\/tags?post=552"}],"curies":[{"name":"wp","href":"https:\/\/api.w.org\/{rel}","templated":true}]}}