{"id":193,"date":"2016-04-22T13:47:12","date_gmt":"2016-04-22T13:47:12","guid":{"rendered":"http:\/\/blogit.utu.fi\/sosioblogi\/?p=193"},"modified":"2016-04-22T13:47:12","modified_gmt":"2016-04-22T13:47:12","slug":"tutkijoiden-ylirajaisesta-solidaarisuudesta","status":"publish","type":"post","link":"https:\/\/blogit.utu.fi\/sosioblogi\/2016\/04\/22\/tutkijoiden-ylirajaisesta-solidaarisuudesta\/","title":{"rendered":"Tutkijoiden ylirajaisesta solidaarisuudesta"},"content":{"rendered":"<p>Osallistuin viime viikon keskiviikkona kenties Ranskan tunnetuimman sosiaalitieteiden tutkimuskeskuksen, Ecole des Hautes Etudes en Sciences Sociales\u2019in (EHESS), j\u00e4rjest\u00e4m\u00e4\u00e4n seminaariin, joka k\u00e4sitteli vainojen kohteeksi joutuneiden tutkijoiden tilannetta Turkissa. <\/p>\n<p>Tapahtuman taustalla on vuoden alussa yli tuhannen maassa ty\u00f6skentelev\u00e4n tutkijan (Academics for Peace) allekirjoittama vetoomus rauhan puolesta, jossa vaadittiin Turkin valtiota lopettamaan v\u00e4kivaltaisuudet It\u00e4- ja Kaakkois-Turkin kurdialueilla. My\u00f6hemmin vetoomus kasvoi viel\u00e4 noin tuhannella nimell\u00e4, sis\u00e4lt\u00e4en my\u00f6s kansainv\u00e4lisesti tunnettujakin tutkijoita kuten Noam Chomskyn, Judith Butlerin, Etienne Balibarin ja David Harveyn. <\/p>\n<div id=\"attachment_189\" style=\"width: 792px\" class=\"wp-caption alignnone\"><a href=\"http:\/\/blogit.utu.fi\/sosioblogi\/wp-content\/uploads\/sites\/36\/2016\/04\/Kuva1.png\"><img loading=\"lazy\" decoding=\"async\" aria-describedby=\"caption-attachment-189\" src=\"https:\/\/blogit.utu.fi\/sosioblogi\/wp-content\/uploads\/sites\/36\/2016\/04\/Kuva1.png\" alt=\"Alkuper\u00e4inen vetoomus, joka julkaistiin 10.1.2016. Kuvankaappaus on otettu Bar\u0131\u015f\u0130\u00e7in Akademisyenler (Academics for Peace)- sivulta.\" width=\"782\" height=\"669\" class=\"size-full wp-image-189\" srcset=\"https:\/\/blogit.utu.fi\/sosioblogi\/wp-content\/uploads\/sites\/36\/2016\/04\/Kuva1.png 782w, https:\/\/blogit.utu.fi\/sosioblogi\/wp-content\/uploads\/sites\/36\/2016\/04\/Kuva1-300x257.png 300w, https:\/\/blogit.utu.fi\/sosioblogi\/wp-content\/uploads\/sites\/36\/2016\/04\/Kuva1-768x657.png 768w, https:\/\/blogit.utu.fi\/sosioblogi\/wp-content\/uploads\/sites\/36\/2016\/04\/Kuva1-351x300.png 351w\" sizes=\"auto, (max-width: 782px) 100vw, 782px\" \/><\/a><p id=\"caption-attachment-189\" class=\"wp-caption-text\">Alkuper\u00e4inen vetoomus, joka julkaistiin 10.1.2016. Kuvankaappaus on otettu Bar\u0131\u015f\u0130\u00e7in Akademisyenler (Academics for Peace)- sivulta.<\/p><\/div>\n<p>Valtaapit\u00e4v\u00e4 presidentti, Recep Tayy\u0131p Erdo\u011fan, syytti vetoomuksen allekirjoittaneita tutkijoita maanpetoksesta, jonka seurauksena useita tutkijoita kohtaan nostettiin syyte rikosnimikkeen ollessa \u201dterrorismij\u00e4rjest\u00f6n tukeminen\u201d ja \u201dterrorismipropagandan v\u00e4litt\u00e4minen\u201d. T\u00e4ll\u00e4 hetkell\u00e4 kolme heist\u00e4 odottaa pid\u00e4tettyn\u00e4 suljetulla vankilaosastolla t\u00e4n\u00e4\u00e4n pidett\u00e4v\u00e4\u00e4 oikeudenk\u00e4ynti\u00e4. My\u00f6s useat kymmenet vetoomuksen allekirjoittaneet on irtisanottu ja kutsuttu kuulusteluihin paikallisille poliisiasemille. Yliopistot ovat taasen avanneet omat selvityksens\u00e4 satojen tutkijoiden toimintaan liittyen.<\/p>\n<p>Keskiviikon seminaarin tavoitteena oli yht\u00e4\u00e4lt\u00e4 tiedottaa Pariisissa toimivia tutkijoita Turkin sananvapauden huolestuttavasta kehityksest\u00e4 sek\u00e4 toisaalta koordinoida erilaisia solidaarisuustekoja paikallisten tutkijoiden tukemiseksi. Seminaari oli kolmas EHESS:iss\u00e4 j\u00e4rjestetty tilaisuus aiheeseen liittyen viimeisen parin kuukauden sis\u00e4ll\u00e4, ja siihen osallistui yhteens\u00e4 noin satakunta henkil\u00f6\u00e4.<\/p>\n<div id=\"attachment_190\" style=\"width: 970px\" class=\"wp-caption alignnone\"><a href=\"http:\/\/blogit.utu.fi\/sosioblogi\/wp-content\/uploads\/sites\/36\/2016\/04\/Kuva2.jpg\"><img loading=\"lazy\" decoding=\"async\" aria-describedby=\"caption-attachment-190\" src=\"https:\/\/blogit.utu.fi\/sosioblogi\/wp-content\/uploads\/sites\/36\/2016\/04\/Kuva2.jpg\" alt=\"Seminaari edelt\u00e4\u00e4 kansainv\u00e4lisen komitean perustamista, jonka tarkoituksena on tukea rauhan puolesta vetoomuksen allekirjoittaneita akateemikkoja.\" width=\"960\" height=\"576\" class=\"size-full wp-image-190\" srcset=\"https:\/\/blogit.utu.fi\/sosioblogi\/wp-content\/uploads\/sites\/36\/2016\/04\/Kuva2.jpg 960w, https:\/\/blogit.utu.fi\/sosioblogi\/wp-content\/uploads\/sites\/36\/2016\/04\/Kuva2-300x180.jpg 300w, https:\/\/blogit.utu.fi\/sosioblogi\/wp-content\/uploads\/sites\/36\/2016\/04\/Kuva2-768x461.jpg 768w, https:\/\/blogit.utu.fi\/sosioblogi\/wp-content\/uploads\/sites\/36\/2016\/04\/Kuva2-500x300.jpg 500w\" sizes=\"auto, (max-width: 960px) 100vw, 960px\" \/><\/a><p id=\"caption-attachment-190\" class=\"wp-caption-text\">Seminaari edelt\u00e4\u00e4 kansainv\u00e4lisen komitean perustamista, jonka tarkoituksena on tukea rauhan puolesta vetoomuksen allekirjoittaneita akateemikkoja.<\/p><\/div>\n<p>Seminaari voidaan n\u00e4hd\u00e4 osana laajempaa kansainv\u00e4list\u00e4 solidaarisuusliikett\u00e4, joka on syntynyt viimeaikaisten tapahtumien seurauksena. Tammikuusta l\u00e4htien tutkijat ymp\u00e4ri maailmaa ovat j\u00e4rjest\u00e4ytyneet eri tavoin tukeakseen Turkissa vainojen kohteeksi joutuneita akateemikkoja. Erilaisia tukiryhmi\u00e4 on perustettu mm. Saksassa, Isossa-Britanniassa ja Ranskassa. Esimerkiksi Humboldtin yliopistossa perustettiin samoihin aikoihin rahasto, joiden turvin vaarassa olevat akateemikot pystyv\u00e4t tekem\u00e4\u00e4n tutkijavierailuja Saksaan. My\u00f6s Scholars at risk, kansainv\u00e4linen verkosto, on koordinoinut tutkijapaikkoja Turkista tuleville tutkijoille. Kyseiseen verkoston j\u00e4seniin kuuluvat Suomesta \u00c5bo Akademi, Helsingin yliopisto, Tampereen yliopisto sek\u00e4 Helsingin taideyliopisto.<\/p>\n<div id=\"attachment_191\" style=\"width: 970px\" class=\"wp-caption alignnone\"><a href=\"http:\/\/blogit.utu.fi\/sosioblogi\/wp-content\/uploads\/sites\/36\/2016\/04\/Kuva3.jpg\"><img loading=\"lazy\" decoding=\"async\" aria-describedby=\"caption-attachment-191\" src=\"https:\/\/blogit.utu.fi\/sosioblogi\/wp-content\/uploads\/sites\/36\/2016\/04\/Kuva3.jpg\" alt=\"Osanottajat kuuntelevat tarkkaavaisina Istanbulissa ty\u00f6skentelev\u00e4n tutkijan puhetta Skype-yhteyden kautta. \" width=\"960\" height=\"576\" class=\"size-full wp-image-191\" srcset=\"https:\/\/blogit.utu.fi\/sosioblogi\/wp-content\/uploads\/sites\/36\/2016\/04\/Kuva3.jpg 960w, https:\/\/blogit.utu.fi\/sosioblogi\/wp-content\/uploads\/sites\/36\/2016\/04\/Kuva3-300x180.jpg 300w, https:\/\/blogit.utu.fi\/sosioblogi\/wp-content\/uploads\/sites\/36\/2016\/04\/Kuva3-768x461.jpg 768w, https:\/\/blogit.utu.fi\/sosioblogi\/wp-content\/uploads\/sites\/36\/2016\/04\/Kuva3-500x300.jpg 500w\" sizes=\"auto, (max-width: 960px) 100vw, 960px\" \/><\/a><p id=\"caption-attachment-191\" class=\"wp-caption-text\">Osanottajat kuuntelevat tarkkaavaisina Istanbulissa ty\u00f6skentelev\u00e4n tutkijan puhetta Skype-yhteyden kautta.<\/p><\/div>\n<p>Seminaarissa keskusteltiin my\u00f6s erilaisten solidaarisuuseleiden merkityksest\u00e4 ja toimenpiteist\u00e4, joita yksitt\u00e4iset tutkijat voivat tehd\u00e4. Ideoimassa olivat mukana paikan p\u00e4\u00e4ll\u00e4 kaksi irtisanottua akateemikkoa, jotka olivat l\u00f6yt\u00e4neet tutkijapaikat Lausannen yliopistosta sek\u00e4 Skype-yhteyden v\u00e4lityksell\u00e4 vainojen kohteeksi joutuneita akateemikkoja niin Istanbulista, Berliinist\u00e4 ja Philadelphiasta. Ehdotettuja ideoita olivat mm. kutsut erilaisiin akateemisiin tapahtumiin, rahoitushakemuksiin, yhteisjulkaisuihin sek\u00e4 tutkijavierailuohjelmiin.<\/p>\n<p>Yksitt\u00e4isten tutkijoiden lis\u00e4ksi, my\u00f6s yliopistot ovat reagoineet t\u00e4h\u00e4n huolestuttavaan kehitykseen. Esimerkiksi Pariisissa toimiva Science po- tutkimuskeskus (Paris Institute for Political Science) on peruuttanut yhdess\u00e4 Istanbul Aydin- yliopiston kanssa suunnitellun konferenssin protestina vetoomuksen allekirjoittaneen apulaisprofessorin irtisanomisesta.<\/p>\n<div id=\"attachment_192\" style=\"width: 970px\" class=\"wp-caption alignnone\"><a href=\"http:\/\/blogit.utu.fi\/sosioblogi\/wp-content\/uploads\/sites\/36\/2016\/04\/Kuva4.jpg\"><img loading=\"lazy\" decoding=\"async\" aria-describedby=\"caption-attachment-192\" src=\"https:\/\/blogit.utu.fi\/sosioblogi\/wp-content\/uploads\/sites\/36\/2016\/04\/Kuva4.jpg\" alt=\"Osallistuimme paikallisen kollegan, Carol Mannin, kanssa #RaiseYourPenForFreedom- Twitter-kampanjaan, jonka Istanbulissa toimiva tutkija mainitsi Skype- puheensa aikana.\" width=\"960\" height=\"720\" class=\"size-full wp-image-192\" srcset=\"https:\/\/blogit.utu.fi\/sosioblogi\/wp-content\/uploads\/sites\/36\/2016\/04\/Kuva4.jpg 960w, https:\/\/blogit.utu.fi\/sosioblogi\/wp-content\/uploads\/sites\/36\/2016\/04\/Kuva4-300x225.jpg 300w, https:\/\/blogit.utu.fi\/sosioblogi\/wp-content\/uploads\/sites\/36\/2016\/04\/Kuva4-768x576.jpg 768w, https:\/\/blogit.utu.fi\/sosioblogi\/wp-content\/uploads\/sites\/36\/2016\/04\/Kuva4-400x300.jpg 400w\" sizes=\"auto, (max-width: 960px) 100vw, 960px\" \/><\/a><p id=\"caption-attachment-192\" class=\"wp-caption-text\">Osallistuimme paikallisen kollegan, Carol Mannin, kanssa #RaiseYourPenForFreedom- Twitter-kampanjaan, jonka Istanbulissa toimiva tutkija mainitsi Skype- puheensa aikana.<\/p><\/div>\n<p>Perustimme Carolin kanssa Scholars in solidarity- nimisen, suljetun Facebook-ryhm\u00e4n, jonne kokoamme ajankohtaista tietoa Turkin akateemikkojen tilanteeseen liittyen ja jossa tiedotamme Pariisissa j\u00e4rjestett\u00e4vist\u00e4 tilaisuuksista. Ryhm\u00e4\u00e4n liittyi lyhyell\u00e4 aikav\u00e4lill\u00e4 yli pari sataa henkil\u00f6\u00e4, joista suurin osa eri yliopistoissa ja maissa ty\u00f6skentelevi\u00e4 tutkijakollegoja. Pyrimme toimimaan my\u00f6s ns. match-making- periaatteella ja luomaan kontakteja Turkissa ty\u00f6skentelevien kollegojen ja eurooppalaisissa yliopistoissa samojen tutkimusteemojen kanssa ty\u00f6skentelevien tutkijoiden v\u00e4lill\u00e4. <\/p>\n<p>Blogikirjoitukseni loppuun haluaisin viel\u00e4 nostaa muutaman henkil\u00f6kohtaisen huomion. Vaikka ranskalainen yliopistomaailma ei ole kokonaan vieras aikaisempien opiskelukokemusten ansiosta, olen ollut yll\u00e4ttynyt siit\u00e4, miss\u00e4 m\u00e4\u00e4rin tutkijat ottavat poliittisesti kantaa ja siit\u00e4 roolista, joka tutkijan oletetaan omaksuvan aktiivisena, yhteiskunnallisena toimijana. Kansainv\u00e4lisiin poliittisiin tapahtumiin reagoidaan j\u00e4rjest\u00e4m\u00e4ll\u00e4 erin\u00e4isi\u00e4 tiedotus- ja keskustelutilaisuuksia, seminaareja ja konferensseja, ja tutkijat eiv\u00e4t suinkaan ep\u00e4r\u00f6i ilmaista poliittista kantaansa akateemisissa keskusteluissa. <\/p>\n<p>Turkissa tapahtuneet, tutkijoihin kohdistuneet vainot ja niihin reagointi ovat vain yksi esimerkki t\u00e4st\u00e4. Omalla kohdallani t\u00e4m\u00e4 vaihtovuosi on kasvattanut kuuluvuuden tunnetta saman ammattikunnan j\u00e4seni\u00e4 kohtaan sek\u00e4 tietoisuuden niist\u00e4, Suomessa itsest\u00e4\u00e4nselvyyten\u00e4 pit\u00e4mist\u00e4ni arvoista, joiden varaan tutkijan ty\u00f6 pitk\u00e4lti pohjautuu.<\/p>\n<p><em>Mari Toivanen on ty\u00f6skentelee vierailevana tutkijana lukuvuoden 2015-2016 ajan EHESS:iss\u00e4, Pariisissa. <\/em><\/p>\n<p><strong>Lis\u00e4tietoa Turkin akateemikkojen tilanteesta: <\/strong><\/p>\n<p><a href=\"https:\/\/www.timeshighereducation.com\/news\/academics-call-for-end-to-witch-hunt-of-scholars-in-turkey\">https:\/\/www.timeshighereducation.com\/news\/academics-call-for-end-to-witch-hunt-of-scholars-in-turkey<\/a><\/p>\n<p><a href=\"http:\/\/blogs.uta.fi\/news\/2016\/02\/12\/witch-hunts-are-driving-researchers-out-of-turkey\/\">http:\/\/blogs.uta.fi\/news\/2016\/02\/12\/witch-hunts-are-driving-researchers-out-of-turkey\/<\/a><\/p>\n<p><a href=\"http:\/\/www.theguardian.com\/world\/2016\/mar\/16\/british-academic-deported-over-kurdish-new-year-invitations\">http:\/\/www.theguardian.com\/world\/2016\/mar\/16\/british-academic-deported-over-kurdish-new-year-invitations<\/a><\/p>\n<p><a href=\"https:\/\/www.timeshighereducation.com\/letters\/turkey-must-stop-persecuting-academics\">https:\/\/www.timeshighereducation.com\/letters\/turkey-must-stop-persecuting-academics<\/a><\/p>\n<p><a href=\"http:\/\/bianet.org\/english\/people\/173280-sciences-po-paris-cancels-conference-due-to-oppressions-against-academics?bia_source=rss\">http:\/\/bianet.org\/english\/people\/173280-sciences-po-paris-cancels-conference-due-to-oppressions-against-academics?bia_source=rss<\/a><\/p>\n<p><a href=\"http:\/\/blog.amnestyusa.org\/europe\/scholars-jailed-in-turkeys-on-going-war-against-freedom-of-action-how-you-can-take-action\/\">http:\/\/blog.amnestyusa.org\/europe\/scholars-jailed-in-turkeys-on-going-war-against-freedom-of-action-how-you-can-take-action\/<\/a><\/p>\n<p><strong>Vainottuja tutkijoita tukevia rahoitustahoja:<\/strong><br \/>\n<a href=\"http:\/\/www.scholarrescuefund.org\/\">http:\/\/www.scholarrescuefund.org\/<\/a><br \/>\n<a href=\"https:\/\/www.humboldt-foundation.de\/web\/21611250.html\">https:\/\/www.humboldt-foundation.de\/web\/21611250.html<\/a><br \/>\n<a href=\"http:\/\/scholarsatrisk.nyu.edu\/\">http:\/\/scholarsatrisk.nyu.edu\/<\/a><\/p>\n","protected":false},"excerpt":{"rendered":"<p>Osallistuin viime viikon keskiviikkona kenties Ranskan tunnetuimman sosiaalitieteiden tutkimuskeskuksen, Ecole des Hautes Etudes en Sciences Sociales\u2019in (EHESS), j\u00e4rjest\u00e4m\u00e4\u00e4n seminaariin, joka k\u00e4sitteli vainojen kohteeksi joutuneiden tutkijoiden tilannetta Turkissa. Tapahtuman taustalla on vuoden alussa yli tuhannen maassa ty\u00f6skentelev\u00e4n tutkijan (Academics for Peace) &hellip; <a href=\"https:\/\/blogit.utu.fi\/sosioblogi\/2016\/04\/22\/tutkijoiden-ylirajaisesta-solidaarisuudesta\/\">Lue loppuun <span class=\"meta-nav\">&rarr;<\/span><\/a><\/p>\n","protected":false},"author":115,"featured_media":0,"comment_status":"open","ping_status":"open","sticky":false,"template":"","format":"standard","meta":{"footnotes":""},"categories":[1],"tags":[],"class_list":["post-193","post","type-post","status-publish","format-standard","hentry","category-uncategorized"],"_links":{"self":[{"href":"https:\/\/blogit.utu.fi\/sosioblogi\/wp-json\/wp\/v2\/posts\/193","targetHints":{"allow":["GET"]}}],"collection":[{"href":"https:\/\/blogit.utu.fi\/sosioblogi\/wp-json\/wp\/v2\/posts"}],"about":[{"href":"https:\/\/blogit.utu.fi\/sosioblogi\/wp-json\/wp\/v2\/types\/post"}],"author":[{"embeddable":true,"href":"https:\/\/blogit.utu.fi\/sosioblogi\/wp-json\/wp\/v2\/users\/115"}],"replies":[{"embeddable":true,"href":"https:\/\/blogit.utu.fi\/sosioblogi\/wp-json\/wp\/v2\/comments?post=193"}],"version-history":[{"count":4,"href":"https:\/\/blogit.utu.fi\/sosioblogi\/wp-json\/wp\/v2\/posts\/193\/revisions"}],"predecessor-version":[{"id":197,"href":"https:\/\/blogit.utu.fi\/sosioblogi\/wp-json\/wp\/v2\/posts\/193\/revisions\/197"}],"wp:attachment":[{"href":"https:\/\/blogit.utu.fi\/sosioblogi\/wp-json\/wp\/v2\/media?parent=193"}],"wp:term":[{"taxonomy":"category","embeddable":true,"href":"https:\/\/blogit.utu.fi\/sosioblogi\/wp-json\/wp\/v2\/categories?post=193"},{"taxonomy":"post_tag","embeddable":true,"href":"https:\/\/blogit.utu.fi\/sosioblogi\/wp-json\/wp\/v2\/tags?post=193"}],"curies":[{"name":"wp","href":"https:\/\/api.w.org\/{rel}","templated":true}]}}