{"id":216,"date":"2016-09-06T10:02:00","date_gmt":"2016-09-06T10:02:00","guid":{"rendered":"http:\/\/blogit.utu.fi\/sosioblogi\/?p=216"},"modified":"2016-09-06T10:17:42","modified_gmt":"2016-09-06T10:17:42","slug":"uusien-opiskelijoiden-tutustumispaiva-vanhalinnassa","status":"publish","type":"post","link":"https:\/\/blogit.utu.fi\/sosioblogi\/2016\/09\/06\/uusien-opiskelijoiden-tutustumispaiva-vanhalinnassa\/","title":{"rendered":"Uusien opiskelijoiden tutustumisp\u00e4iv\u00e4 Vanhalinnassa"},"content":{"rendered":"<p><strong>\u00a0Kirjoittaja on sosiologian tohtorikoulutettava Carita Lockmer.<\/strong><\/p>\n<p>&nbsp;<\/p>\n<p>Elokuun viimeisen\u00e4 p\u00e4iv\u00e4n\u00e4 vietettiin sosiaalitieteiden laitoksen uusien opiskelijoiden tutustumisp\u00e4iv\u00e4\u00e4. Paikkana oli Liedon Vanhalinna historiallisine milj\u00f6ineen ja ilma loppukes\u00e4isen l\u00e4mmin. Aurinko hellikin tapahtumaan osallistujia koko p\u00e4iv\u00e4n, s\u00e4teillen aina sis\u00e4lle asti!<\/p>\n<p><a href=\"http:\/\/blogit.utu.fi\/sosioblogi\/wp-content\/uploads\/sites\/36\/2016\/09\/lyhty.jpg\"><img loading=\"lazy\" decoding=\"async\" class=\"alignnone size-full wp-image-217\" src=\"https:\/\/blogit.utu.fi\/sosioblogi\/wp-content\/uploads\/sites\/36\/2016\/09\/lyhty.jpg\" alt=\"lyhty\" width=\"1377\" height=\"1722\" srcset=\"https:\/\/blogit.utu.fi\/sosioblogi\/wp-content\/uploads\/sites\/36\/2016\/09\/lyhty.jpg 1377w, https:\/\/blogit.utu.fi\/sosioblogi\/wp-content\/uploads\/sites\/36\/2016\/09\/lyhty-240x300.jpg 240w, https:\/\/blogit.utu.fi\/sosioblogi\/wp-content\/uploads\/sites\/36\/2016\/09\/lyhty-768x960.jpg 768w, https:\/\/blogit.utu.fi\/sosioblogi\/wp-content\/uploads\/sites\/36\/2016\/09\/lyhty-819x1024.jpg 819w\" sizes=\"auto, (max-width: 1377px) 100vw, 1377px\" \/><\/a><\/p>\n<p>P\u00e4iv\u00e4 polkaistiin k\u00e4yntiin aamukahveilla ja -leivill\u00e4 sek\u00e4 vapaamuotoisella tutustumisella p\u00f6yt\u00e4keskustelujen parissa. Seuraavaksi laitoksen johtaja, professori Hannu Ruonavaara vahvisti uusien opiskelijoiden tehneen hyv\u00e4n valinnan esitelm\u00f6im\u00e4ll\u00e4 aiheesta <em>\u201dMiksi opiskella sosiaalitieteit\u00e4?\u201d<\/em><\/p>\n<p>Ruonavaaran esityksen j\u00e4lkeen aloitettiin oppiaineiden esittelyworkshopit. Opiskelijat jaettiin kolmeen ryhm\u00e4\u00e4n ja johdatettiin kukin kuulemaan tarkempaa tietoa sosiologiasta, taloussosiologiasta ja sosiaalipolitiikasta. Jokainen ryhm\u00e4 k\u00e4vi vuorollaan l\u00e4pi kaikki aineet. Sosiologian workshopin piste oli samassa paikassa kuin alkukahvitkin: vieh\u00e4tt\u00e4v\u00e4ss\u00e4 entisess\u00e4 navetassa \u2013 joka nyky\u00e4\u00e4n toimii tilausravintolana. Workshop aloitettiin esittelyll\u00e4, jonka teki apulaisprofessori Suvi Salmenniemi.<\/p>\n<p><a href=\"http:\/\/blogit.utu.fi\/sosioblogi\/wp-content\/uploads\/sites\/36\/2016\/09\/suvi.jpg\"><img loading=\"lazy\" decoding=\"async\" class=\"alignnone size-full wp-image-218\" src=\"https:\/\/blogit.utu.fi\/sosioblogi\/wp-content\/uploads\/sites\/36\/2016\/09\/suvi.jpg\" alt=\"suvi\" width=\"1378\" height=\"775\" srcset=\"https:\/\/blogit.utu.fi\/sosioblogi\/wp-content\/uploads\/sites\/36\/2016\/09\/suvi.jpg 1378w, https:\/\/blogit.utu.fi\/sosioblogi\/wp-content\/uploads\/sites\/36\/2016\/09\/suvi-300x169.jpg 300w, https:\/\/blogit.utu.fi\/sosioblogi\/wp-content\/uploads\/sites\/36\/2016\/09\/suvi-768x432.jpg 768w, https:\/\/blogit.utu.fi\/sosioblogi\/wp-content\/uploads\/sites\/36\/2016\/09\/suvi-1024x576.jpg 1024w, https:\/\/blogit.utu.fi\/sosioblogi\/wp-content\/uploads\/sites\/36\/2016\/09\/suvi-500x281.jpg 500w\" sizes=\"auto, (max-width: 1378px) 100vw, 1378px\" \/><\/a><\/p>\n<p>Salmenniemen johdannon j\u00e4lkeen esiteltiin my\u00f6s muut paikalla olleet oppiaineen ihmiset: yliopistonlehtori Laura Lyytik\u00e4inen, yliopisto-opettajat Johanna Nurmi ja P\u00e4ivi Naumanen, tapahtuman alussa puhunut professori Hannu Ruonavaara, apurahatutkija Carita Lockmer sek\u00e4 oppiaineen harjoittelija Vesa-Matti Paasivaara. Paasivaara my\u00f6s jakoi fukseille mielenkiintoista, omakohtaista tietoa sosiologian opiskelusta Turun yliopistossa.<\/p>\n<p><a href=\"http:\/\/blogit.utu.fi\/sosioblogi\/wp-content\/uploads\/sites\/36\/2016\/09\/vesku.jpg\"><img loading=\"lazy\" decoding=\"async\" class=\"alignnone size-full wp-image-232\" src=\"https:\/\/blogit.utu.fi\/sosioblogi\/wp-content\/uploads\/sites\/36\/2016\/09\/vesku.jpg\" alt=\"vesku\" width=\"2160\" height=\"3840\" srcset=\"https:\/\/blogit.utu.fi\/sosioblogi\/wp-content\/uploads\/sites\/36\/2016\/09\/vesku.jpg 2160w, https:\/\/blogit.utu.fi\/sosioblogi\/wp-content\/uploads\/sites\/36\/2016\/09\/vesku-169x300.jpg 169w, https:\/\/blogit.utu.fi\/sosioblogi\/wp-content\/uploads\/sites\/36\/2016\/09\/vesku-768x1365.jpg 768w, https:\/\/blogit.utu.fi\/sosioblogi\/wp-content\/uploads\/sites\/36\/2016\/09\/vesku-576x1024.jpg 576w\" sizes=\"auto, (max-width: 2160px) 100vw, 2160px\" \/><\/a><\/p>\n<p>Seuraavaksi ryhm\u00e4l\u00e4iset laitettiinkin t\u00f6ihin: heid\u00e4t jaettiin kolmeen ryhm\u00e4\u00e4n ja istuutumaan tiettyjen p\u00f6ytien \u00e4\u00e4reen. P\u00f6ydille oli jaettu sattumanvaraisiksi yhdistelmiksi erilaisia esineit\u00e4. Opiskelijat l\u00f6ysiv\u00e4t edest\u00e4\u00e4n mm. tiskiharjan, sateenkaarilipun, s\u00e4rkyl\u00e4\u00e4kerasian, vanhan valokuvan ja Roope Ankka-patsaan. N\u00e4ist\u00e4 ja muista tavaroista heid\u00e4n tuli ryhmiss\u00e4 yhdess\u00e4 keksi\u00e4 sosiologista mielikuvitusta kutkuttavia tarinoita.<\/p>\n<p><a href=\"http:\/\/blogit.utu.fi\/sosioblogi\/wp-content\/uploads\/sites\/36\/2016\/09\/supersankarit.jpg\"><img loading=\"lazy\" decoding=\"async\" class=\"alignnone size-full wp-image-225\" src=\"https:\/\/blogit.utu.fi\/sosioblogi\/wp-content\/uploads\/sites\/36\/2016\/09\/supersankarit.jpg\" alt=\"supersankarit\" width=\"1378\" height=\"775\" srcset=\"https:\/\/blogit.utu.fi\/sosioblogi\/wp-content\/uploads\/sites\/36\/2016\/09\/supersankarit.jpg 1378w, https:\/\/blogit.utu.fi\/sosioblogi\/wp-content\/uploads\/sites\/36\/2016\/09\/supersankarit-300x169.jpg 300w, https:\/\/blogit.utu.fi\/sosioblogi\/wp-content\/uploads\/sites\/36\/2016\/09\/supersankarit-768x432.jpg 768w, https:\/\/blogit.utu.fi\/sosioblogi\/wp-content\/uploads\/sites\/36\/2016\/09\/supersankarit-1024x576.jpg 1024w, https:\/\/blogit.utu.fi\/sosioblogi\/wp-content\/uploads\/sites\/36\/2016\/09\/supersankarit-500x281.jpg 500w\" sizes=\"auto, (max-width: 1378px) 100vw, 1378px\" \/><\/a><\/p>\n<p>Ja niit\u00e4h\u00e4n syntyi! Ilmoille saatettiin hauskoja, oivaltavia ja monikerroksisia kertomuksia jotka k\u00e4sitteliv\u00e4t useita sosiologian kiinnostuksenkohteita: esimerkiksi yhteiskunnan muutosta, ty\u00f6njakoa, ymp\u00e4rist\u00f6asioita, seksuaalisuutta ja sukupuolta, identiteetti\u00e4, ty\u00f6t\u00e4 \u2013 ja paljon muuta. Tarinat liikkuivat my\u00f6s eri aikatasoilla katsoen menneeseen ja kurkottaen kauas tulevaisuuteen.<\/p>\n<p><a href=\"http:\/\/blogit.utu.fi\/sosioblogi\/wp-content\/uploads\/sites\/36\/2016\/09\/tavarat.jpg\"><img loading=\"lazy\" decoding=\"async\" class=\"alignnone size-full wp-image-226\" src=\"https:\/\/blogit.utu.fi\/sosioblogi\/wp-content\/uploads\/sites\/36\/2016\/09\/tavarat.jpg\" alt=\"tavarat\" width=\"1377\" height=\"2449\" srcset=\"https:\/\/blogit.utu.fi\/sosioblogi\/wp-content\/uploads\/sites\/36\/2016\/09\/tavarat.jpg 1377w, https:\/\/blogit.utu.fi\/sosioblogi\/wp-content\/uploads\/sites\/36\/2016\/09\/tavarat-169x300.jpg 169w, https:\/\/blogit.utu.fi\/sosioblogi\/wp-content\/uploads\/sites\/36\/2016\/09\/tavarat-768x1366.jpg 768w, https:\/\/blogit.utu.fi\/sosioblogi\/wp-content\/uploads\/sites\/36\/2016\/09\/tavarat-576x1024.jpg 576w\" sizes=\"auto, (max-width: 1377px) 100vw, 1377px\" \/><\/a><\/p>\n<p>Ensimm\u00e4isen workshopin j\u00e4lkeen oli aika maistuvan lounaan. P\u00f6yt\u00e4 notkui herkullisia antimia, ja osallistujat p\u00e4\u00e4siv\u00e4t ravitsemaan mielen lis\u00e4ksi my\u00f6s kehoa. Lounastauko oli aikataulutettu mukavan v\u00e4lj\u00e4ksi, joten halukkaat p\u00e4\u00e4siv\u00e4t my\u00f6s tutustumaan paikkoihin paremmin ja mm. kiipe\u00e4m\u00e4\u00e4n Vanhalinnan linnavuoren laelle. Huippu on noin 55 metri\u00e4 merenpinnasta, joten yl\u00f6s p\u00e4\u00e4st\u00e4kseen t\u00e4ytyy hieman kiivet\u00e4. Mutta kapuaminen on kyll\u00e4 sen arvoista, maisemat ylh\u00e4\u00e4lt\u00e4 ovat upeat.<\/p>\n<p><a href=\"http:\/\/blogit.utu.fi\/sosioblogi\/wp-content\/uploads\/sites\/36\/2016\/09\/maisema1.jpg\"><img loading=\"lazy\" decoding=\"async\" class=\"alignnone size-full wp-image-219\" src=\"https:\/\/blogit.utu.fi\/sosioblogi\/wp-content\/uploads\/sites\/36\/2016\/09\/maisema1.jpg\" alt=\"maisema1\" width=\"1378\" height=\"775\" srcset=\"https:\/\/blogit.utu.fi\/sosioblogi\/wp-content\/uploads\/sites\/36\/2016\/09\/maisema1.jpg 1378w, https:\/\/blogit.utu.fi\/sosioblogi\/wp-content\/uploads\/sites\/36\/2016\/09\/maisema1-300x169.jpg 300w, https:\/\/blogit.utu.fi\/sosioblogi\/wp-content\/uploads\/sites\/36\/2016\/09\/maisema1-768x432.jpg 768w, https:\/\/blogit.utu.fi\/sosioblogi\/wp-content\/uploads\/sites\/36\/2016\/09\/maisema1-1024x576.jpg 1024w, https:\/\/blogit.utu.fi\/sosioblogi\/wp-content\/uploads\/sites\/36\/2016\/09\/maisema1-500x281.jpg 500w\" sizes=\"auto, (max-width: 1378px) 100vw, 1378px\" \/><\/a><\/p>\n<p><a href=\"http:\/\/blogit.utu.fi\/sosioblogi\/wp-content\/uploads\/sites\/36\/2016\/09\/maisema2.jpg\"><img loading=\"lazy\" decoding=\"async\" class=\"alignnone size-full wp-image-220\" src=\"https:\/\/blogit.utu.fi\/sosioblogi\/wp-content\/uploads\/sites\/36\/2016\/09\/maisema2.jpg\" alt=\"maisema2\" width=\"1378\" height=\"775\" srcset=\"https:\/\/blogit.utu.fi\/sosioblogi\/wp-content\/uploads\/sites\/36\/2016\/09\/maisema2.jpg 1378w, https:\/\/blogit.utu.fi\/sosioblogi\/wp-content\/uploads\/sites\/36\/2016\/09\/maisema2-300x169.jpg 300w, https:\/\/blogit.utu.fi\/sosioblogi\/wp-content\/uploads\/sites\/36\/2016\/09\/maisema2-768x432.jpg 768w, https:\/\/blogit.utu.fi\/sosioblogi\/wp-content\/uploads\/sites\/36\/2016\/09\/maisema2-1024x576.jpg 1024w, https:\/\/blogit.utu.fi\/sosioblogi\/wp-content\/uploads\/sites\/36\/2016\/09\/maisema2-500x281.jpg 500w\" sizes=\"auto, (max-width: 1378px) 100vw, 1378px\" \/><\/a><\/p>\n<p>Otettiinpa ylh\u00e4\u00e4ll\u00e4 selfieit\u00e4kin!<\/p>\n<p><a href=\"http:\/\/blogit.utu.fi\/sosioblogi\/wp-content\/uploads\/sites\/36\/2016\/09\/selfie.jpg\"><img loading=\"lazy\" decoding=\"async\" class=\"alignnone size-full wp-image-221\" src=\"https:\/\/blogit.utu.fi\/sosioblogi\/wp-content\/uploads\/sites\/36\/2016\/09\/selfie.jpg\" alt=\"selfie\" width=\"1378\" height=\"1034\" srcset=\"https:\/\/blogit.utu.fi\/sosioblogi\/wp-content\/uploads\/sites\/36\/2016\/09\/selfie.jpg 1378w, https:\/\/blogit.utu.fi\/sosioblogi\/wp-content\/uploads\/sites\/36\/2016\/09\/selfie-300x225.jpg 300w, https:\/\/blogit.utu.fi\/sosioblogi\/wp-content\/uploads\/sites\/36\/2016\/09\/selfie-768x576.jpg 768w, https:\/\/blogit.utu.fi\/sosioblogi\/wp-content\/uploads\/sites\/36\/2016\/09\/selfie-1024x768.jpg 1024w, https:\/\/blogit.utu.fi\/sosioblogi\/wp-content\/uploads\/sites\/36\/2016\/09\/selfie-400x300.jpg 400w\" sizes=\"auto, (max-width: 1378px) 100vw, 1378px\" \/><\/a><\/p>\n<p><em>Kuvassa tutkija Carita Lockmer, professori Hannu Ruonavaara ja yliopisto-opettaja P\u00e4ivi Naumanen.<\/em><\/p>\n<p>Lounastauon j\u00e4lkeen jatkettiin taas workshoppien parissa: oppiaineet pitiv\u00e4t oman osuutensa viel\u00e4 kaksi kertaa. Opiskelijoiden keksiess\u00e4 sosiologisia tarinoitaan, valkokankaalla py\u00f6ri sosiologisia termej\u00e4 sek\u00e4 meemej\u00e4 mielikuvitusta her\u00e4ttelem\u00e4ss\u00e4.<\/p>\n<p><a href=\"http:\/\/blogit.utu.fi\/sosioblogi\/wp-content\/uploads\/sites\/36\/2016\/09\/meemi1.jpg\"><img loading=\"lazy\" decoding=\"async\" class=\"alignnone size-full wp-image-222\" src=\"https:\/\/blogit.utu.fi\/sosioblogi\/wp-content\/uploads\/sites\/36\/2016\/09\/meemi1.jpg\" alt=\"meemi1\" width=\"1377\" height=\"2449\" srcset=\"https:\/\/blogit.utu.fi\/sosioblogi\/wp-content\/uploads\/sites\/36\/2016\/09\/meemi1.jpg 1377w, https:\/\/blogit.utu.fi\/sosioblogi\/wp-content\/uploads\/sites\/36\/2016\/09\/meemi1-169x300.jpg 169w, https:\/\/blogit.utu.fi\/sosioblogi\/wp-content\/uploads\/sites\/36\/2016\/09\/meemi1-768x1366.jpg 768w, https:\/\/blogit.utu.fi\/sosioblogi\/wp-content\/uploads\/sites\/36\/2016\/09\/meemi1-576x1024.jpg 576w\" sizes=\"auto, (max-width: 1377px) 100vw, 1377px\" \/><\/a><\/p>\n<p><a href=\"http:\/\/blogit.utu.fi\/sosioblogi\/wp-content\/uploads\/sites\/36\/2016\/09\/meemi2.jpg\"><img loading=\"lazy\" decoding=\"async\" class=\"alignnone size-full wp-image-223\" src=\"https:\/\/blogit.utu.fi\/sosioblogi\/wp-content\/uploads\/sites\/36\/2016\/09\/meemi2.jpg\" alt=\"meemi2\" width=\"831\" height=\"1477\" srcset=\"https:\/\/blogit.utu.fi\/sosioblogi\/wp-content\/uploads\/sites\/36\/2016\/09\/meemi2.jpg 831w, https:\/\/blogit.utu.fi\/sosioblogi\/wp-content\/uploads\/sites\/36\/2016\/09\/meemi2-169x300.jpg 169w, https:\/\/blogit.utu.fi\/sosioblogi\/wp-content\/uploads\/sites\/36\/2016\/09\/meemi2-768x1365.jpg 768w, https:\/\/blogit.utu.fi\/sosioblogi\/wp-content\/uploads\/sites\/36\/2016\/09\/meemi2-576x1024.jpg 576w\" sizes=\"auto, (max-width: 831px) 100vw, 831px\" \/><\/a><\/p>\n<p>Sosiologia siis paitsi her\u00e4tt\u00e4\u00e4 akateemista pohdintaa ja yhteiskunnallista ajattelua, my\u00f6s kasvattaa huumorintajua! Kun workshopit olivat ohi, oli aika p\u00e4\u00e4tt\u00e4\u00e4 tilaisuus. Vanhalinnan keitti\u00f6st\u00e4 loihdittiin esiin kahvia ja maistuvia j\u00e4lkiruokaleivonnaisia. Suut makeana, hyv\u00e4n keskustelun siivitt\u00e4m\u00e4n\u00e4 oli hyv\u00e4 l\u00e4hte\u00e4 kotimatkalle, katse tulevassa syksyss\u00e4.<\/p>\n<p><a href=\"http:\/\/blogit.utu.fi\/sosioblogi\/wp-content\/uploads\/sites\/36\/2016\/09\/meemi3.jpg\"><img loading=\"lazy\" decoding=\"async\" class=\"alignnone size-full wp-image-224\" src=\"https:\/\/blogit.utu.fi\/sosioblogi\/wp-content\/uploads\/sites\/36\/2016\/09\/meemi3.jpg\" alt=\"meemi3\" width=\"1377\" height=\"2449\" srcset=\"https:\/\/blogit.utu.fi\/sosioblogi\/wp-content\/uploads\/sites\/36\/2016\/09\/meemi3.jpg 1377w, https:\/\/blogit.utu.fi\/sosioblogi\/wp-content\/uploads\/sites\/36\/2016\/09\/meemi3-169x300.jpg 169w, https:\/\/blogit.utu.fi\/sosioblogi\/wp-content\/uploads\/sites\/36\/2016\/09\/meemi3-768x1366.jpg 768w, https:\/\/blogit.utu.fi\/sosioblogi\/wp-content\/uploads\/sites\/36\/2016\/09\/meemi3-576x1024.jpg 576w\" sizes=\"auto, (max-width: 1377px) 100vw, 1377px\" \/><\/a><\/p>\n","protected":false},"excerpt":{"rendered":"<p>\u00a0Kirjoittaja on sosiologian tohtorikoulutettava Carita Lockmer. &nbsp; Elokuun viimeisen\u00e4 p\u00e4iv\u00e4n\u00e4 vietettiin sosiaalitieteiden laitoksen uusien opiskelijoiden tutustumisp\u00e4iv\u00e4\u00e4. Paikkana oli Liedon Vanhalinna historiallisine milj\u00f6ineen ja ilma loppukes\u00e4isen l\u00e4mmin. Aurinko hellikin tapahtumaan osallistujia koko p\u00e4iv\u00e4n, s\u00e4teillen aina sis\u00e4lle asti! P\u00e4iv\u00e4 polkaistiin k\u00e4yntiin aamukahveilla &hellip; <a href=\"https:\/\/blogit.utu.fi\/sosioblogi\/2016\/09\/06\/uusien-opiskelijoiden-tutustumispaiva-vanhalinnassa\/\">Lue loppuun <span class=\"meta-nav\">&rarr;<\/span><\/a><\/p>\n","protected":false},"author":114,"featured_media":0,"comment_status":"open","ping_status":"open","sticky":false,"template":"","format":"standard","meta":{"footnotes":""},"categories":[1],"tags":[],"class_list":["post-216","post","type-post","status-publish","format-standard","hentry","category-uncategorized"],"_links":{"self":[{"href":"https:\/\/blogit.utu.fi\/sosioblogi\/wp-json\/wp\/v2\/posts\/216","targetHints":{"allow":["GET"]}}],"collection":[{"href":"https:\/\/blogit.utu.fi\/sosioblogi\/wp-json\/wp\/v2\/posts"}],"about":[{"href":"https:\/\/blogit.utu.fi\/sosioblogi\/wp-json\/wp\/v2\/types\/post"}],"author":[{"embeddable":true,"href":"https:\/\/blogit.utu.fi\/sosioblogi\/wp-json\/wp\/v2\/users\/114"}],"replies":[{"embeddable":true,"href":"https:\/\/blogit.utu.fi\/sosioblogi\/wp-json\/wp\/v2\/comments?post=216"}],"version-history":[{"count":7,"href":"https:\/\/blogit.utu.fi\/sosioblogi\/wp-json\/wp\/v2\/posts\/216\/revisions"}],"predecessor-version":[{"id":234,"href":"https:\/\/blogit.utu.fi\/sosioblogi\/wp-json\/wp\/v2\/posts\/216\/revisions\/234"}],"wp:attachment":[{"href":"https:\/\/blogit.utu.fi\/sosioblogi\/wp-json\/wp\/v2\/media?parent=216"}],"wp:term":[{"taxonomy":"category","embeddable":true,"href":"https:\/\/blogit.utu.fi\/sosioblogi\/wp-json\/wp\/v2\/categories?post=216"},{"taxonomy":"post_tag","embeddable":true,"href":"https:\/\/blogit.utu.fi\/sosioblogi\/wp-json\/wp\/v2\/tags?post=216"}],"curies":[{"name":"wp","href":"https:\/\/api.w.org\/{rel}","templated":true}]}}