{"id":2073,"date":"2021-03-24T13:58:00","date_gmt":"2021-03-24T11:58:00","guid":{"rendered":"https:\/\/blogit.utu.fi\/soteakatemia\/?p=2073"},"modified":"2021-03-24T14:08:45","modified_gmt":"2021-03-24T12:08:45","slug":"yhteinen-aani-lastensuojelun-ilmoitusvelvollisuudet-ja-yhteydenotot","status":"publish","type":"post","link":"https:\/\/blogit.utu.fi\/soteakatemia\/yhteinen-aani-lastensuojelun-ilmoitusvelvollisuudet-ja-yhteydenotot\/","title":{"rendered":"Yhteinen \u00e4\u00e4ni: Lastensuojelun ilmoitusvelvollisuudet ja yhteydenotot"},"content":{"rendered":"\n<p>Aiheesta keskustelemassa johtava sosiaality\u00f6ntekij\u00e4 Minna Rantalaiho ja sosiaality\u00f6ntekij\u00e4 Tuija Passoja. Haastattelijana sosiaality\u00f6n yliopisto-opettaja Anne-Mari Jaakola.<\/p>\n\n\n\n<p>Jakso tullaan julkaisemaan <a href=\"http:\/\/www.osaamispuu.fi\">Osaamispuussa<\/a> MOOC -opintojaksolla <em>Lastensuojelun perusteet<\/em>.<\/p>\n\n\n\n<figure class=\"wp-block-embed-soundcloud wp-block-embed is-type-rich is-provider-soundcloud wp-embed-aspect-4-3 wp-has-aspect-ratio\"><div class=\"wp-block-embed__wrapper\">\n<iframe loading=\"lazy\" title=\"Lastensuojelun ilmoitusvelvollisuudet ja yhteydenotot by Turun yliopisto\" width=\"1027\" height=\"400\" scrolling=\"no\" frameborder=\"no\" src=\"https:\/\/w.soundcloud.com\/player\/?visual=true&#038;url=https%3A%2F%2Fapi.soundcloud.com%2Ftracks%2F1015367890&#038;show_artwork=true&#038;maxwidth=1027&#038;maxheight=1000&#038;dnt=1\"><\/iframe>\n<\/div><\/figure>\n\n\n\n<h3 class=\"wp-block-heading\">Lastensuojelun ilmoitusvelvollisuudet ja yhteydenotot -podcast, tekstivastine<\/h3>\n\n\n\n<p>Yhteinen \u00e4\u00e4ni on Turun yliopiston podcast, jossa keskustellaan ajankohtaisista aiheista monialaisesti. T\u00e4m\u00e4n jakson tuotti Sote-akatemia.&nbsp;<\/p>\n\n\n\n<p>Anne-Mari: Tervetuloa kuuntelemaan t\u00e4t\u00e4 osuutta. L\u00e4hdet\u00e4\u00e4n nyt tarkastelee v\u00e4h\u00e4n tarkemmin lastensuojelun ja n\u00e4itten lastensuojelutarpeen tilanteiden ilmoitusvelvollisuuksia ja n\u00e4ihin yhteydenottoihin liittyviin kysymyksiin. Ja t\u00e4\u00e4ll\u00e4 on tosiaan Rantalaihon Minna ja sitten on Passojan Tuija meille kertomassa ja keskustelemassa sitten tarkemmin n\u00e4ist\u00e4, ja te ootte lastensuojelun ammattilaisia, ja tuutte tuolta lastensuojelun teht\u00e4vist\u00e4. Min\u00e4, Jaakolan Anne-Mari t\u00e4ss\u00e4 toimin nyt sitten haastattelijana ja juontajana, ja kerrotteko ihan vaikka alkuun, ett\u00e4 mit\u00e4 n\u00e4\u00e4 ilmoitukset ja yhteydenotot, joita teille tulee, niin mit\u00e4 ne tavallaan tarkoittaa teid\u00e4n ty\u00f6ss\u00e4?<\/p>\n\n\n\n<p>Tuija: No Turussa n\u00e4iden ilmoitusten vastaanotto on p\u00e4\u00e4osin keskitetty sosiaalip\u00e4ivystykselle, elik\u00e4 se on paikka, jossa min\u00e4 teen t\u00f6it\u00e4, ja meille tulee lapsia ja lapsiperheit\u00e4 koskevia ilmoituksia, niin tulee yhteydenottona, joka tarkoittaa sit\u00e4, ett\u00e4 se on tehty ilmoittajatahon ja lapsen, nuoren, h\u00e4nen perheens\u00e4 kanssa yhteisty\u00f6ss\u00e4. Sitten voi tulla sosiaalihuoltolain mukaisia ilmoituksia, mihin t\u00e4\u00e4 yhteydenottokin kuuluu, et se on my\u00f6s sosiaalihuoltolain mukaisia ilmoituksia, sitten on lastensuojeluilmoitukset. Ja vaikka n\u00e4it\u00e4 ilmoituksia on useampaa sorttia, niin ilmoittajan ei sin\u00e4ns\u00e4 tarvitse olla huolissaan siit\u00e4, et tekeek\u00f6 h\u00e4n oikeanlaisen ilmoituksen tai yhteydenoton. P\u00e4\u00e4asia, ett\u00e4 h\u00e4n huolensa ilmaisee ja v\u00e4litt\u00e4\u00e4 sen sosiaalitoimen tietoon, jolloinka sitten sosiaalitoimen ammattilaiset, elik\u00e4 me sosiaality\u00f6ntekij\u00e4t sitten arvioidaan, et onko se ilmoitus, onko se yhteydenotto, mutta et sit\u00e4 korostan, ett\u00e4 se yhteydenotto on aina sitten sen lapsen, nuoren tai h\u00e4nen huoltajiensa kanssa yhteisty\u00f6ss\u00e4 tehty ilmoitus. Mutta mik\u00e4\u00e4n ei est\u00e4 tekem\u00e4st\u00e4 lastensuojeluilmoitusta my\u00f6s yhdess\u00e4 asianosaisten kanssa. Et p\u00e4invastoin, ett\u00e4 ajattelisin, ett\u00e4 se avoimuus on siin\u00e4 t\u00e4rke\u00e4, ja perheen on t\u00e4rke\u00e4\u00e4 tiet\u00e4\u00e4, ett\u00e4 palveluissa, joissa he ovat, niin ollaan huolissaan heid\u00e4n lapsen tilanteesta, ja silloin se ilmoitus pit\u00e4\u00e4 tehd\u00e4.<\/p>\n\n\n\n<p>Minna: Joo, ja s\u00e4 puhuit Tuija nyt niinku viranomaisista, mut et sit tietysti l\u00e4heiseth\u00e4n on, me puhutaan niinkun velvollisuudesta ilmoittaa ja olla yhteydess\u00e4 sosiaalitoimeen, ja seh\u00e4n koskee meill\u00e4 tietty\u00e4 aika pitk\u00e4\u00e4 listaa eri viranomaistahoja, joka l\u00f6ytyy sielt\u00e4 lastensuojelulaista ja sosiaalihuoltolaista. Mut sit tietysti l\u00e4heiset tai kuka tahansa siis voi olla yhteydess\u00e4, ett\u00e4 kyll\u00e4h\u00e4n vaikka sosiaalip\u00e4ivystykseen voi tulla h\u00e4t\u00e4keskuksen kautta, ihan kadulla joku huomaa, kiinnitt\u00e4\u00e4 huomion lapsen tilanteeseen, niin h\u00e4n soittaa h\u00e4t\u00e4keskukseen tai sosiaalip\u00e4ivystykseen, et hei ett\u00e4 t\u00e4\u00e4ll\u00e4 on vaikka pieni lapsi niin p\u00e4ihtyneen aikuisen seurassa, et sen voi kuka tahansa tehd\u00e4, mutta velvollisuus koskee meill\u00e4 tiettyj\u00e4 viranomaistahoja.<\/p>\n\n\n\n<p>Tuija: Kyll\u00e4, ja yksityishenkil\u00f6n on mahdollisuus tehd\u00e4 ilmoitus my\u00f6s nimett\u00f6m\u00e4sti. Eli jos tekee vaikka naapurista, eik\u00e4 halua nime\u00e4\u00e4n ilmaista, niin sen voi tehd\u00e4 nimett\u00f6m\u00e4sti. Viranomaisen on teht\u00e4v\u00e4 aina nimell\u00e4, viranomainen ei voi tehd\u00e4 nimet\u00f6nt\u00e4 ilmoitusta.<\/p>\n\n\n\n<p>Anne-Mari: Hyv\u00e4. Eli eik\u00f6 vaan, ett\u00e4 aika velvoittavasta ja hyvinkin vahvasta lains\u00e4\u00e4d\u00e4nn\u00f6st\u00e4 on kyse, et t\u00e4ss\u00e4 ilmoituksessa erityisesti koskien n\u00e4it\u00e4 viranomaisia?<\/p>\n\n\n\n<p>Minna: Joo, se on kyll\u00e4 niinkun todella vahvasti velvoittava lakipyk\u00e4l\u00e4. Ja se on, m\u00e4 aattelen, et se ehk\u00e4, mik\u00e4 on t\u00e4rke\u00e4\u00e4 t\u00e4ss\u00e4 yhteydess\u00e4 sanoa, ett\u00e4 se on my\u00f6s lakipyk\u00e4l\u00e4, joka nimenomaan siis velvoittaa sit\u00e4 viranomaista, joka sen huolen on itse havainnut, ett\u00e4 se ei oo semmonen, siihen voi hakee tukea ja apua siihen tilanteeseen, mutta sit\u00e4 ei voi esimerkiksi sit\u00e4 ilmoittamista delegoida kenellek\u00e4\u00e4n. Ja kun puhutaan vaikka koulumaailmasta, miss\u00e4 sitten on esimerkiksi rehtori ja kuraattori ja terveydenhoitaja ja opettaja, siell\u00e4 on erilaisia toimijoita, niin niin ei voi toimia, ett\u00e4 sen antaa jonkun toisen teht\u00e4v\u00e4ksi. Et mukaan voi ottaa jonkun tekem\u00e4\u00e4n sit\u00e4 kyll\u00e4, mut et kun se on tosi olennaista, ett\u00e4 se, joka sen huolen havaitsee, niin h\u00e4n my\u00f6s kuvaa ja kertoo, mik\u00e4 se on, ettei tuu rikkin\u00e4ist\u00e4 puhelinta siihen v\u00e4liin. Ja sitten toisaalta siihen liittyy my\u00f6s mun mielest\u00e4 se, ett\u00e4 se joka sen huolen havaitsee, niin h\u00e4nen my\u00f6skin pit\u00e4isi ottaa se puheeksi, v\u00e4h\u00e4n lapsen i\u00e4st\u00e4 riippuen sitten, ett\u00e4 voiko sen ottaa suoraan puheeksi lapsen kanssa, mutta aika pientenkin kanssa voi alkaa huolesta puhumaan, mut huoltajien kanssa tietysti my\u00f6s, ja se on musta tosi olennaista, et se, joka sen huolen havaitsee, niin on se, joka my\u00f6s sit perheen suuntaan sit\u00e4 asiaa ottaa puheeksi.<\/p>\n\n\n\n<p>Tuija: Kyll\u00e4, joo, ehdottomasti. Ja jos mietit\u00e4\u00e4n, ett\u00e4 esimiehelle ei sit\u00e4 voi delegoida, et p\u00e4iv\u00e4kodin johtaja tai koulun rehtori tekee sen ilmoituksen, mutta jos tuntuu ep\u00e4varmalta, niin sen voi tehd\u00e4 yhdess\u00e4, taikka yhdess\u00e4 sen ty\u00f6ryhm\u00e4n kanssa, joka lapsen asioissa on muutenkin mukana, et se on mahdollista tehd\u00e4. Ja sit se, mit\u00e4 m\u00e4 viel\u00e4 haluisin sanoa, et jos huoli jatkuu ilmoituksen tekemisest\u00e4 huolimatta, niin on t\u00e4rke\u00e4\u00e4 tehd\u00e4 uusi ilmoitus. Et ei voi ajatella, ett\u00e4 kun m\u00e4 olen kerran t\u00e4m\u00e4n asian ilmoittanut, ja mun huoli jatkuu tai lis\u00e4\u00e4ntyy, niin mun ei en\u00e4\u00e4 tarvitse tehd\u00e4 uutta ilmoitusta, vaan aina, jos tilanne jatkuu tai tulee uusia huolia, niin aina pit\u00e4\u00e4 tehd\u00e4 sitten uusi ilmoitus. Ja n\u00e4in Turussa ainakin meill\u00e4 on sellainen tapa, et jos tulee koulusta, p\u00e4iv\u00e4hoidosta tai terveydenhuollosta, erityisesti neuvolasta ilmoitus, niin ensimm\u00e4iselle tapaamiselle ensimm\u00e4inen ilmoitus, kun l\u00e4hdet\u00e4\u00e4n sit\u00e4 k\u00e4sittelem\u00e4\u00e4n, niin ensimm\u00e4iselle tapaamiselle me kutsutaan mukaan my\u00f6s se ilmoittajataho, jolloin niinkun tehd\u00e4\u00e4n sit\u00e4 yhteisty\u00f6t\u00e4 sitten perheen kanssa, ilmoittajan ja sosiaality\u00f6ntekij\u00e4n kanssa yhdess\u00e4, ett\u00e4 p\u00e4\u00e4st\u00e4\u00e4n yhteisesti keskustelemaan siit\u00e4 asiasta.<\/p>\n\n\n\n<p>Minna: Se on sielt\u00e4 lastensuojelun n\u00e4k\u00f6kulmasta tosi olennaista, ett\u00e4 niit\u00e4 tehd\u00e4\u00e4n niit\u00e4 ilmoituksia uudelleen, kun se huoli jatkuu, tai tulee lis\u00e4\u00e4 huolia, koska me ei muuten saada sit\u00e4 tietoa sinne lastensuojeluun v\u00e4ltt\u00e4m\u00e4tt\u00e4, ett\u00e4 siin\u00e4 kun arvioidaan lapsen tilannetta, ja sit\u00e4 h\u00e4nen lastensuojelun tukitoimien tarvetta, niin yks asia siell\u00e4 usein on, mit\u00e4 mietit\u00e4\u00e4n, on ett\u00e4 hei, ett\u00e4 t\u00e4ss\u00e4h\u00e4n ei oo tullu sun tilanteesta nyt viimeisen vuoden aikana yht\u00e4\u00e4n ilmoitusta, ett\u00e4 n\u00e4ytt\u00e4is silt\u00e4, et n\u00e4\u00e4 huolet on poistunut. Toki meid\u00e4n velvollisuus siell\u00e4 on oikeesti my\u00f6s ottaa itse selv\u00e4\u00e4 ja soitella ja kysell\u00e4, mut et aina sit\u00e4 ei kuitenkaan tehd\u00e4. Et se on tosi t\u00e4rkeet\u00e4, ett\u00e4 meille tulee sit\u00e4 tietoa ja jaksetaan ilmoittaa uudelleen siit\u00e4 tilanteesta, jos siihen ei tuu muutosta.<\/p>\n\n\n\n<p>Tuija: Ja se uudelleen ilmoittaminen on t\u00e4rkeet\u00e4 my\u00f6s sosiaalip\u00e4ivystyksen n\u00e4k\u00f6kulmasta, ett\u00e4 joskuhan on niin, ett\u00e4 se huolen taso nousee, mutta jollei niit\u00e4 ilmoituksia tule, niin siihen ei my\u00f6sk\u00e4\u00e4n pystyt\u00e4 puuttumaan, ja se tilanne, se et huolen taso nousee, niin voi jo tarkoittaakin sit\u00e4, et se edellytt\u00e4\u00e4 jo sosiaalip\u00e4ivystykselt\u00e4 akuutteja, nopeita puuttumistoimenpiteit\u00e4. Et sen t\u00e4hden ilmoitusten tekeminen on tosi t\u00e4rkeet\u00e4 my\u00f6skin asiakkuudessa olevista lapsista, my\u00f6s sijaishuollossa olevista lapsista.<\/p>\n\n\n\n<p>-Yhteinen \u00e4\u00e4ni-<\/p>\n\n\n\n<p>Anne-Mari: Tuija menitkin jo v\u00e4h\u00e4n siihen, ett\u00e4 mit\u00e4 sitten tapahtuu ilmoituksen j\u00e4lkeen, niin kerrotteko siit\u00e4 v\u00e4h\u00e4n viel\u00e4 tarkemmin? Ett\u00e4 sosiaalip\u00e4ivystykseen tulee ilmoituksia, ja sosiaalip\u00e4ivystys on avoinna ihan eik\u00f6 vaan 24\/7, ett\u00e4 ihan jokaisena vuorokauden aikana ja ihan jokaisena viikonp\u00e4iv\u00e4n\u00e4 voi ilmoitusta tehd\u00e4. Mutta mit\u00e4 tapahtuu sitten ilmoituksen teon j\u00e4lkeen?<\/p>\n\n\n\n<p>Tuija: Kyll\u00e4 juuri n\u00e4in. Tietysti, jos m\u00e4 otan t\u00e4h\u00e4n nyt esimerkiksi ihan, et on ensimm\u00e4inen ilmoitus, ettei ole aiempia ilmoituksia, tai sit jos on ollu ilmoituksia, jotka aiemmin on k\u00e4sitelty, ja ei t\u00e4ll\u00e4 hetkell\u00e4 ole lapsella asiakkuutta. Niin sosiaality\u00f6ntekij\u00e4, joka sen ilmoituksen vastaanottaa, niin h\u00e4n tietysti esitt\u00e4\u00e4 tarkentavia kysymyksi\u00e4 ilmoittajalle, jos se ilmoitus tulee puhelimitse, siis ilmoitushan voidaan tehd\u00e4 puhelimitse, sen voi tehd\u00e4 kirjallisesti, ja siin\u00e4 ei tarvi k\u00e4ytt\u00e4\u00e4 mit\u00e4\u00e4n tietty\u00e4 lomaketta, sen voi tehd\u00e4 ruutupaperillekin, mut silloin m\u00e4 suosittelen, et katsoo kuitenkin netist\u00e4 esimerkiksi mallin, ett\u00e4 n\u00e4kee, mitk\u00e4 on sellaiset v\u00e4ltt\u00e4m\u00e4tt\u00f6m\u00e4t tiedot, joiden perusteella sitten sit\u00e4 ilmoitusta voidaan l\u00e4hte\u00e4 k\u00e4sittelem\u00e4\u00e4n ja esimerkiksi identifioida oikein se, ket\u00e4 t\u00e4\u00e4 ilmoitus koskee. Mutta sosiaality\u00f6ntekij\u00e4, joka sen ilmoituksen vastaanottaa, niin h\u00e4n l\u00e4htee jo arvioimaan sit\u00e4 siin\u00e4 heti, kun h\u00e4n ottaa sen ilmoituksen vastaan, et mit\u00e4 t\u00e4ss\u00e4 kohtaa pit\u00e4\u00e4 tehd\u00e4. Sosiaalip\u00e4ivystyksess\u00e4 meill\u00e4 on ohjaajat, jotka tekee my\u00f6skin t\u00e4mm\u00f6st\u00e4 nopean puuttumisen ty\u00f6t\u00e4, elik\u00e4 he toimii seitsem\u00e4n arkip\u00e4iv\u00e4n kuluessa, eli jos on ensimm\u00e4inen ilmoitus, ja asiasis\u00e4ll\u00f6lt\u00e4\u00e4n se on sellanen, et voidaan ajatella, ett\u00e4 meid\u00e4n ohjaajat voi jo nopealla aikataululla siihen tilanteeseen puuttua, ja voidaan ajatella, ett\u00e4 siell\u00e4 vois k\u00e4ytt\u00e4\u00e4 kolmannen sektorin antamaa tukea, peruspalveluiden antamaa tukea, niin he ohjaavat&nbsp; sellaiseen tukeen, mutta he my\u00f6s nopealla aikataululla selvitt\u00e4v\u00e4t sit\u00e4 perheen tilannetta ja lapsen tilannetta, ja tarvittaessa sitten saadaan jo lis\u00e4tietoa siihen, et jos aloitetaan lapsen palvelutarpeen arvio. Lapsen palvelutarpeen arvio on sosiaalihuoltolain mukaista toimintaa, ja siell\u00e4 pyrit\u00e4\u00e4n kartoittamaan sitten sit\u00e4 perheen ja lapsen tilannetta kolmen kuukauden aikam\u00e4\u00e4reell\u00e4, joka on sitten siihen k\u00e4sittelyyn annettu. Ja sit tietysti sosiaalip\u00e4ivystyksen roolina on arvioida my\u00f6s tarvittavia kiireellisi\u00e4 tukitoimenpiteit\u00e4, me voidaan tehd\u00e4 kotik\u00e4yntej\u00e4, me voidaan sopia yhteist\u00e4 verkostopalaveria ilmoittajatahon ja lapsen ja perheen kanssa, ja tietysti voidaan soittaa, ett\u00e4 on hyvin monenlaisia yhteydenottotapoja, miten me voidaan sit l\u00e4hte\u00e4 sit\u00e4 perheen tilannetta jatkoselvitt\u00e4m\u00e4\u00e4n jo sosiaalip\u00e4ivystyksess\u00e4, ennen kun l\u00e4hdet\u00e4\u00e4n siihen palvelutarvearvioon. Toki jos perheell\u00e4 on ollu aiempia asiakkuuksia, me voidaan olla my\u00f6s yhteydess\u00e4 siihen aiempaan sosiaality\u00f6ntekij\u00e4\u00e4n, ett\u00e4 mit\u00e4 h\u00e4n arvioi siit tilanteesta, ja voidaan hy\u00f6dynt\u00e4\u00e4 sitten my\u00f6skin sit\u00e4 osaamista, mit\u00e4 siell\u00e4 on, ja tietoa, mit\u00e4 siell\u00e4 on kertynyt aikaisemmin.<\/p>\n\n\n\n<p>Minna: Niin se on varmaan olennaista siin\u00e4 ymm\u00e4rt\u00e4\u00e4, et siin\u00e4 todellakin aletaan niinkun selvitt\u00e4m\u00e4\u00e4n sit\u00e4 lapsen ja perheen tilannetta, ett\u00e4 onhan joskus toki sellaisia tilanteita, ett\u00e4 tarvitaan heti nopea apu, et se on selv\u00e4\u00e4, mutta se on kuitenkin todella pieni osa niit\u00e4 ensimm\u00e4isi\u00e4 ilmoituksia, jossa heti tarvitaan joku toimenpide v\u00e4litt\u00f6m\u00e4sti. Mutta toki sellaisiakin on, mut et ajatus kuitenkin on se, et l\u00e4het\u00e4\u00e4n yhdess\u00e4 perheen, ja jos ilmoittajataho on viranomainen, niin sit selvittelem\u00e4\u00e4n kaikessa rauhassa, ett\u00e4 mist\u00e4s t\u00e4ss\u00e4 on kysymys, ja sit jos p\u00e4\u00e4dyt\u00e4\u00e4n siihen, ett\u00e4 siin\u00e4 ei riit\u00e4 nyt noi, mit\u00e4 Tuija mainitsi, ett\u00e4 l\u00f6ydet\u00e4\u00e4n sielt\u00e4 peruspalveluista saman tien sit\u00e4 apua, niin sit kun puhutaan, ett\u00e4 aloitetaan lapsen palvelutarpeen arviointi, niin se todella tarkoittaa arviointia, eli et yhdess\u00e4 mietit\u00e4\u00e4n rauhassa, puhutaan lapsen kanssa, tavataan lasta, k\u00e4yd\u00e4\u00e4n mahdollisesti kotona, aika usein k\u00e4yd\u00e4\u00e4n kotona, tavataan huoltajat, tavataan ehk\u00e4 huoltajia erikseen ja yhdess\u00e4, et ihan rauhassa miettien, ett\u00e4 mist\u00e4 t\u00e4ss\u00e4 on kysymys, ja mink\u00e4lainen apu t\u00e4h\u00e4n nyt olis hyv\u00e4ksi, ja mill\u00e4 p\u00e4\u00e4st\u00e4is eteenp\u00e4in, et se ei oo semmonen mik\u00e4\u00e4n nopee r\u00e4v\u00e4kk\u00e4 juttu, vaan rauhassa pohtien ja yhdess\u00e4 tehden eteenp\u00e4in. Ja sitten, kun sit\u00e4 palvelutarpeen arviointia tehd\u00e4\u00e4n lapsen asiassa, ja sen niitten haasteiden ja mutkien kanssa, mit\u00e4 siell\u00e4 lapsen el\u00e4m\u00e4ss\u00e4 on, niin sit siell\u00e4 voidaan p\u00e4\u00e4tyy erilaisiin ratkaisuihin, et voi olla, ett\u00e4 sitten sielt\u00e4 l\u00f6ytyy sielt\u00e4 sosiaalihuoltolain mukaisesta lapsiperhesosiaality\u00f6st\u00e4 oikee tuki, tai sit voi olla, et tarvitaan jotain lis\u00e4tukea, ja sitten tullaankin lastensuojelun avohuollon asiakkuuteen. Mut et niinkun semmonen, se on prosessi nimenomaan.<\/p>\n\n\n\n<p>Anne-Mari: Kerrotteko v\u00e4h\u00e4n tarkemmin juuri n\u00e4ist\u00e4 prosessin t\u00e4mm\u00f6sist\u00e4 tietynlaista m\u00e4\u00e4r\u00e4ajoista, jotka tulee my\u00f6s sielt\u00e4 ihan lains\u00e4\u00e4d\u00e4nn\u00f6st\u00e4, niin mit\u00e4 kertoisitte niist\u00e4?<\/p>\n\n\n\n<p>Tuija: No jos menn\u00e4\u00e4n lastensuojeluilmoituksiin, niin niiden k\u00e4sittelyaika on 7 arkip\u00e4iv\u00e4\u00e4 siit\u00e4, kun se ilmoitus on vastaanotettu. Se ei l\u00e4hde siit\u00e4 p\u00e4iv\u00e4m\u00e4\u00e4r\u00e4st\u00e4, jollonka se ilmoitus on, jos se on kirjallisena tullut, niin jolloinka se ilmoittaja on sen tehnyt, vaan siit\u00e4 p\u00e4iv\u00e4st\u00e4, kun se on sosiaalip\u00e4ivystykseen tullut se ilmoitus, niin siit\u00e4 p\u00e4iv\u00e4st\u00e4 l\u00e4htee se 7 arkip\u00e4iv\u00e4\u00e4 sen ilmoituksen k\u00e4sittelyyn. Ja se ilmoituksen k\u00e4sittely sis\u00e4lt\u00e4\u00e4 juuri sen arvion, mist\u00e4 tossa \u00e4skenkin puhuimme, ett\u00e4 se jokainen ilmoitus arvioidaan. Kaikki ilmoitukset eiv\u00e4t johda edes lapsen palvelutarpeen arvioon taikka ohjaajaty\u00f6skentelyyn. Osassa ilmoituksissa saattaa olla niin, ett\u00e4 todetaan, ett\u00e4 t\u00e4ss\u00e4 ei ole tarvetta t\u00e4ll\u00e4 hetkell\u00e4 tarkemmin selvitt\u00e4\u00e4 sit\u00e4 tilannetta, vaan se todetaan, ett\u00e4 l\u00e4hetet\u00e4\u00e4n informaatiokirje nuorelle, 12 vuotta t\u00e4ytt\u00e4neelle nuorelle, taikka h\u00e4nen, ja\/tai h\u00e4nen huoltajillensa, sit yleens\u00e4 se menee kaikille n\u00e4ille. Ja todetaan, ett\u00e4 t\u00e4ss\u00e4 kohtaa ei ole tarvetta muuta, ett\u00e4 perhe tulee autetuks niiss\u00e4 palveluissa, joissa he ovat. Mut sit tosiaan palvelutarvearvio jos alotetaan, niin sen aikam\u00e4\u00e4re on se kolme kuukautta, mink\u00e4 sis\u00e4ll\u00e4 se palvelutarvearvio pit\u00e4\u00e4 saada valmiiks.<\/p>\n\n\n\n<p>Minna: Ett\u00e4 ei tarvitse kolmea kuukautta arvioida, mutta siin\u00e4 ajassa se pit\u00e4\u00e4 saada, et se on siel laissa. M\u00e4 lis\u00e4\u00e4n viel\u00e4 tuohon, ett\u00e4 varmasti tulee kaikille ihan selv\u00e4ksi, ett\u00e4 kun tehd\u00e4\u00e4n alaik\u00e4isest\u00e4, on se sitten yhteydenotto, sosiaalihuoltolain mukainen ilmoitus tai lastensuojeluilmoitus, niin aina kun se koskee alaik\u00e4ist\u00e4, niin toi 7 vuorokautta on joka tapauksessa se m\u00e4\u00e4r\u00e4aika. Et siin\u00e4kin mieless\u00e4 niin sit\u00e4 ei tarvitse niinkun mietti\u00e4, teenk\u00f6 t\u00e4m\u00e4n nyt oikealla tavalla, koska aina kun on kyse alaik\u00e4isest\u00e4 tulevasta yhteenotosta, huoliyhteydenotosta, niin me k\u00e4ytet\u00e4\u00e4n se, se on se seitsem\u00e4n vuorokautta, et sit\u00e4 ei tarvi mietti\u00e4.<\/p>\n\n\n\n<p>Tuija: Kyll\u00e4. Ja tietysti sen kolmen kuukauden aikana, mihin siin\u00e4 sit p\u00e4\u00e4dyt\u00e4\u00e4nkin, ett\u00e4 voidaan sitten aloittaa lapselle sosiaalihuoltolain mukaiset palvelut, tai tarvittaessa se voi n\u00e4ytt\u00e4yty\u00e4 silt\u00e4, et tarvitaan lastensuojelupalveluita, mutta se voi my\u00f6s p\u00e4\u00e4tty\u00e4 sen kolmen kuukauden aikana niinkun Minna sano, ett\u00e4 sit\u00e4 kolmea kuukautta siin\u00e4 ei oo pakko k\u00e4ytt\u00e4\u00e4 koko aikaa, mutta sen ajan puitteissa sen selvityksen on valmistuttava.<\/p>\n\n\n\n<p>Minna: Ja aika monen lapsen kohdalla niin sen palvelutarpeen arvioinnin aikana l\u00f6ydet\u00e4\u00e4n niit\u00e4 tukimuotoja ja palveluja ja apuja peruspalveluista, et siin\u00e4 mieless\u00e4, kun puhutaan palvelutarpeen arvioinnista, niin se arviointi itsess\u00e4\u00e4n on my\u00f6s interventio sinne lapsen tilanteeseen, ett\u00e4 se ei todellakaan tarkoita tietenk\u00e4\u00e4n sit\u00e4, et keskityt\u00e4\u00e4n vaan nyt siihen arviointiin, vaan jos siin\u00e4 jo huomataan, ett\u00e4 t\u00e4\u00e4 vois auttaa tai t\u00e4\u00e4 siin\u00e4 matkan varrella, niin sit niit\u00e4 ohjataan lasta ja perhett\u00e4 sinne palveluihin, et se jotenkin niinkun, ehk\u00e4 haluais painottaakin sit\u00e4, ett\u00e4 se arviointity\u00f6skentely itsess\u00e4\u00e4n on aika monella semmonen, voi olla huoltajille ja nuorellekin semmonen, et havahtuu siihen omaan tilanteeseen, ja l\u00f6ytyy ehk\u00e4 jopa sielt\u00e4 l\u00e4heisverkostosta itsest\u00e4\u00e4n ne avut siihen ja ymm\u00e4rrys, et hei me voidaankin ajatella t\u00e4t\u00e4 nyt n\u00e4in, ja t\u00e4st\u00e4h\u00e4n t\u00e4ss\u00e4 onkin kysymys, et nyt me t\u00e4\u00e4, nyth\u00e4n me ymm\u00e4rret\u00e4\u00e4nkin, et t\u00e4h\u00e4n meid\u00e4n pit\u00e4\u00e4 alkaa kiinnitt\u00e4\u00e4 huomiota. Ett\u00e4 se itsess\u00e4\u00e4n on jo sit\u00e4 ty\u00f6skentely\u00e4 sill\u00e4 tavalla sen lapsen ja perheen kanssa.<\/p>\n\n\n\n<p>Tuija: Ja samaten m\u00e4 ajattelisin niin, ett\u00e4 se on jo interventio perheille, kun heihin otetaan yhteytt\u00e4 sosiaalip\u00e4ivystyksest\u00e4, sosiaality\u00f6ntekij\u00e4 soittaa tai meid\u00e4n ohjaaja selvittelee sit\u00e4 v\u00e4h\u00e4n pidemm\u00e4n, muutaman p\u00e4iv\u00e4n aikana kuitenkin, koska se on se seitsem\u00e4n arkip\u00e4iv\u00e4n aikana, kun heid\u00e4nkin ty\u00f6skentely pit\u00e4\u00e4 toteutua, niin se on jo interventio, jos sosiaalip\u00e4ivystys menee kotik\u00e4ynnille, se on aina jo interventio. Eli siin\u00e4 voidaan jo hyvin pienell\u00e4kin saada perheelle auttavaa tukea aikaseks ihan t\u00e4llaisella yhteydenotolla.<\/p>\n\n\n\n<p>-Yhteinen \u00e4\u00e4ni.-<\/p>\n\n\n\n<p>Anne-Mari: Mit\u00e4 kertoisitte sitten toisaalta niist\u00e4 kiireellisist\u00e4 tilanteista, ett\u00e4 mill\u00e4 tavalla sitten ne kiireelliset tilanteet k\u00e4sitell\u00e4\u00e4n, ja mink\u00e4laisista tilanteista niiss\u00e4 on sitten kyse?<\/p>\n\n\n\n<p>Tuija: Ne t\u00e4ytyy tietysti kokonaisuutena joka tilanne aina arvioida, ett\u00e4 kiireellinen tilanne voi tulla my\u00f6s sellaiselle lapselle, jolla on asiakkuus vaikka lastensuojelussa. Elik\u00e4 kun sit\u00e4 ilmoitusta, yhteydenottoa arvioidaan, niin siin\u00e4 pit\u00e4\u00e4 arvioida ihan sit\u00e4 kokonaistilannetta. Ja sellaiset, mitk\u00e4 nyt on ehdottoman kiireellisi\u00e4 asioita, on lapsen pahoinpitelyyn liittyv\u00e4t asiat, mutta siin\u00e4 voi olla my\u00f6s monet perheen ja lapsen tilanteen kriisiytymiseen liittyv\u00e4t asiat. Saattaa olla, et on p\u00e4ihteiden k\u00e4ytt\u00f6\u00e4, koulunk\u00e4yntiongelmia, tulehtuneet v\u00e4lit kotona lapsen tai nuoren, varsinkin nuoren ja vanhempien v\u00e4lill\u00e4 saattaa olla sellaisia tilanteita, joissa tarvitaan, puhutaan t\u00e4mm\u00f6sest\u00e4 sosiaalip\u00e4ivystyksen jalkautumisesta, elik\u00e4 l\u00e4hdet\u00e4\u00e4n sinne kotiin selvitt\u00e4m\u00e4\u00e4n. Nuorta voidaan tarvittaessa tavata my\u00f6s muualla, et jos h\u00e4n ei halua, ett\u00e4 h\u00e4nt\u00e4 tavataan kotona, niin h\u00e4nt\u00e4 voidaan tavata yhteisty\u00f6kumppaneiden tiloissa, esimerkiksi SPR nuorten turvatalo on sellainen paikka, minne voidaan sopia sek\u00e4 nuoren et vanhempien kanssakin tapaaminen, et jos se kotiin meneminen tuntuu jostain syyst\u00e4 vaikealta, niin se on aina sellainen, miss\u00e4 heit\u00e4 voidaan tavata. \u00c4\u00e4ritilanteissa nuoria ja vanhempia tavataan jopa poliisilla, et silloin, kun se yhteydenotto tulee poliisin kautta ja tilanne on siin\u00e4 kohtaa sellainen, et se arvioidaan akuutiksi, niin my\u00f6s siell\u00e4 voidaan tavata. Terveydenhuoltoon voidaan sopia tilanteis varsinkin, joissa on psykiatrisen arvioinnin tarvetta my\u00f6skin, niin voidaan yhteisty\u00f6ss\u00e4 terveydenhuollon kanssa tavata lapsia ja perheit\u00e4 siell\u00e4. En tied\u00e4, vastasinko nyt kysymykseesi siit\u00e4, mutta et n\u00e4\u00e4 on sen kaltaisia tilanteita, jotka mulle nyt t\u00e4ss\u00e4 tulee mieleen, tuleeko sulla Minna mieleen jotain?<\/p>\n\n\n\n<p>Minna: No ei, kyl s\u00e4 hyvin sit\u00e4 kuvasit, et just n\u00e4it\u00e4, et miten, et ehk\u00e4 olennaista on se, et joskus tilanteet on niin, ne on niin akuutteja, et se vaatii sit heti sen toimimisen, et kun t\u00e4ss\u00e4 on puhuttu paljon siit\u00e4, ett\u00e4 tehd\u00e4\u00e4n hitaasti ja tutkiskellen ja pohtien, et mist\u00e4 on kysymys, mut et jotkut tilanteet on selkeit\u00e4 sellaisia, et joskus lapsi ei kerta kaikkiaan voi siin\u00e4 tilanteessa asua kotona, jos siel on molemmat huoltajat esimerkiksi vahvasti p\u00e4ihtyneit\u00e4, ja sinne ei l\u00f6ydy apua ja tukea, l\u00e4heisverkostosta luotettavaa, niin siin\u00e4 kohtaanhan me toimitaan, p\u00e4ivystys toimii saman tien. Tai voi olla, ett\u00e4 lapsella on itsell\u00e4 niin, tuleekin nopeasti ilmi, et h\u00e4nell\u00e4 on niin vakava p\u00e4ihdeongelma, ett\u00e4 h\u00e4n tarvitsee v\u00e4litt\u00f6m\u00e4n avun, ja noi v\u00e4kivaltatilanteet tietysti, et on tiettyj\u00e4 sellaisia kohtia, joissa lapsen tilanne on niin vakava, ett\u00e4 siihen v\u00e4litt\u00f6m\u00e4sti puututaan. Ja niin sen pit\u00e4\u00e4kin tietysti olla. Ja siksikin m\u00e4 aattelen, et se on \u00e4\u00e4rimm\u00e4isen t\u00e4rke\u00e4t\u00e4, ett\u00e4 muistetaan se ilmoitusvelvollisuus ja ollaan yhteydess\u00e4, kun jotain t\u00e4llaista tiedet\u00e4\u00e4n, niin se on \u00e4\u00e4rimm\u00e4isen t\u00e4rke\u00e4t\u00e4, ett\u00e4 ollaan yhteydess\u00e4 sosiaalip\u00e4ivystykseen, tai sitten kiireellisess\u00e4 tilanteessa voi yht\u00e4 hyvin soittaa h\u00e4t\u00e4keskukseen.<\/p>\n\n\n\n<p>Tuija: Kyll\u00e4, ja iso osa teht\u00e4vist\u00e4 varsinkin virka-ajan ulkopuolella meille sosiaalip\u00e4ivystykseen tuleekin h\u00e4t\u00e4keskuksen kautta, et teht\u00e4v\u00e4t on usein sen kaltaisia et siell\u00e4 on ehk\u00e4 jo joku toinen viranomainen, tai se teht\u00e4v\u00e4 v\u00e4litet\u00e4\u00e4n my\u00f6s jollekin toiselle viranomaiselle, ettei pelk\u00e4st\u00e4\u00e4n sosiaalip\u00e4ivystykselle. Ja n\u00e4in on varsinkin virka-ajan ulkopuolella.<\/p>\n\n\n\n<p>Anne-Mari: Hyv\u00e4, tuossa Tuija aikaisemmin v\u00e4h\u00e4n kuvasit sit\u00e4 ilmoittamisessa semmosia v\u00e4h\u00e4n v\u00e4ltt\u00e4m\u00e4tt\u00f6mi\u00e4 tietoja, ett\u00e4 jotka tulisi siit\u00e4 ilmoituksesta sitten k\u00e4yd\u00e4 ilmi, niin tarkennatko viel\u00e4 v\u00e4h\u00e4n, ett\u00e4 mit\u00e4 tietoja on ihan ne v\u00e4ltt\u00e4m\u00e4tt\u00f6m\u00e4t tiedot, mit\u00e4 tarvitaan siin\u00e4 ilmoituksen yhteydess\u00e4?<\/p>\n\n\n\n<p>Tuija: No tietenkin nimi on tosi t\u00e4rke\u00e4 asia. Se, ettei oo tarkkaa nimitietoa, niin ei viel\u00e4 est\u00e4 ilmoituksen tekemist\u00e4, sitten osoitetieto eli joku tarkka tieto, jolla voidaan identifioida juuri t\u00e4m\u00e4 lapsi, jota t\u00e4m\u00e4 ilmoitus koskee. Ett\u00e4 varsinkin kerrostaloissa niin saattaa asua monta 5-vuotiasta, mut mik\u00e4 on juuri t\u00e4m\u00e4 5-vuotias, elik\u00e4 se asunnon numerokin kannattaa siis k\u00e4yd\u00e4 katsomassa, jos tekee vaikka naapurista sen ilmoituksen. Ne on semmoset eritt\u00e4in t\u00e4rke\u00e4t tiedot. Jos ei tied\u00e4 lapsen nime\u00e4, mutta tiet\u00e4\u00e4 esimerkiksi vanhemman nimen, niin vanhemman nimi. Henkil\u00f6tunnus jos on k\u00e4yt\u00f6ss\u00e4, niin tottakai henkil\u00f6tunnus, mutta aina sit\u00e4 ei oo varsinkaan yksityishenkil\u00f6ill\u00e4 k\u00e4yt\u00f6ss\u00e4 sit\u00e4 henkil\u00f6tunnusta, niin se ei silti est\u00e4 sen ilmoituksen tekemist\u00e4. Mutta et sen verran t\u00e4ytyy olla tunnistetietoja, ett\u00e4 voidaan lapsi identifioida. Viisivuotias Turussa Hannunniitussa ei viel\u00e4 vaan riit\u00e4 ilmoituksen lapsen identifiointiseksi, se ei onnistu. Et jotain tarkempaa yksil\u00f6ityy tietoa, ja silloin kun on kysymys viranomaisesta ilmoituksen tekij\u00e4n\u00e4, niin silloin ilmoittajan nimi on aina v\u00e4ltt\u00e4m\u00e4t\u00f6n. Ja ne ilmoittajan yhteystiedot my\u00f6skin, koska silloin voidaan tarvittaessa olla ilmoittajan yhteydess\u00e4 lis\u00e4tietojen saamiseksi. Ja sit tarvittaessa ilmoittaja voidaan my\u00f6s kutsua sitten ensimm\u00e4iseen tapaamiseen, jos niin arvioidaan.<\/p>\n\n\n\n<p>Minna: Sit sellasia t\u00e4rkeit\u00e4 tietoja on huoltajien yhteystiedot, puhelinnumerot, jos on nuoresta tai sen ik\u00e4isest\u00e4 lapsesta kyse, et h\u00e4nen puhelinnumero, et siis oikeastaan mahdollisimman paljon, n\u00e4\u00e4 on varmaan semmoset aika v\u00e4ltt\u00e4m\u00e4tt\u00f6m\u00e4t, ja varsinkin kun viranomaisista jos on kyse, niin heill\u00e4 yleens\u00e4 sit kyll\u00e4 on n\u00e4it\u00e4 tietoja my\u00f6skin, et ne pit\u00e4\u00e4 huolella sinne kirjata. Ja sit m\u00e4 aattelen, et kun puhutaan, no puhutaan kenest\u00e4 tahansa ilmoittajasta, niin sen huolen kuvaaminen huolellisesti on ihan \u00e4\u00e4rimm\u00e4isen t\u00e4rke\u00e4\u00e4. Se on t\u00e4rkeet\u00e4 niinkun sinne sosiaalitoimen suuntaan, mut m\u00e4 aattelen, et se on my\u00f6s t\u00e4rke\u00e4t\u00e4 sit sinne suuntaan, et ket\u00e4 se ilmoitus koskee, jotta h\u00e4n my\u00f6s tiet\u00e4\u00e4, ett\u00e4 mit\u00e4 h\u00e4nest\u00e4 on sanottu eteenp\u00e4in, kerrottu eteenp\u00e4in. Ja m\u00e4 aattelen, et viranomaisista kun on kyse, koulusta, esimerkiks terveydenhuollosta m\u00e4 oon aina aatellut, et m\u00e4 toivoisin, ett\u00e4 tuodaan my\u00f6s sen oman ammatin kautta tuleva tieto siihen lapsen asiaan, se oma erityisosaaminen, ymm\u00e4rrys siit\u00e4, mik\u00e4 musta terveydenhuollossa on varsinkin tosi t\u00e4rkeet\u00e4, et osataan kuvata, ett\u00e4 mist\u00e4 se huoli sen lapsen tilanteessa nyt syntyy, ja kun se tulee terveydenhuollosta, niin mik\u00e4 se mun l\u00e4\u00e4k\u00e4rin\u00e4 tai sairaanhoitajana, mik\u00e4 se mun ammattilaisen n\u00e4kemys t\u00e4st\u00e4 tilanteesta on. Niin kirjoitetaan mieluummin enemm\u00e4n, kuin v\u00e4hemm\u00e4n.<\/p>\n\n\n\n<p>Tuija: Joo, ehdottomasti noin, ja se mit\u00e4 m\u00e4 my\u00f6skin ajattelisin siin\u00e4 niin, et voi kuvata my\u00f6skin sit\u00e4 lasta ja lapsen ja vanhemman v\u00e4list\u00e4 vuorovaikutusta, jos siin\u00e4 on huoli, eli et se on mahdollisimman tarkasti kerrottu, ei vaan niin, ett\u00e4 nilkka murtunut, pahoinpitelyep\u00e4ily. Vaan se, ett\u00e4 mink\u00e4laisessa tilanteessa, miten se lapsi ja vanhempi on esimerkiks vuorovaikutuksessa siin\u00e4 tilanteessa. Miten he kertoo, miten se tapaturma on sattunut, mik\u00e4 sen niinku huolen t\u00e4ss\u00e4 on synnytt\u00e4nyt, niin se on ehdottoman t\u00e4rke\u00e4t\u00e4 avata mahdollisimman rehellisesti. Et yhden lauseen ilmoituksesta on kovin vaikea saada kuvaa. Ja vaikka me l\u00e4hdet\u00e4\u00e4n sit\u00e4 asiaa selvittelem\u00e4\u00e4n, niin sen selvittelyn pohjana on kuitenkin aina sen ilmoittajan huoli.<\/p>\n\n\n\n<p>Minna: Joo. Ja sit on ehk\u00e4, senkin voi t\u00e4ss\u00e4 sanoa, ett\u00e4 jos aattelee, ett\u00e4 nyt vaikka terveydenhuollossa tehd\u00e4\u00e4n ilmoitus siit\u00e4, ett\u00e4 lapsi on tuotu vaikka yhteisp\u00e4ivystykseen, niinkun 12-vuotias lapsi, joka on vaikka nyt tuotu vahvasti p\u00e4ihtyneen\u00e4, ja siit\u00e4 kirjataan nyt sit lastensuojeluilmoitus, niin jos sinne tulee huolestunut, asiallinen tilanteen haltuun ottava huoltaja mukaan, niin sekin olis hyv\u00e4 laittaa siihen ilmoitukseen, ett\u00e4 joo, is\u00e4 tuli t\u00e4nne, ja on tosi huolissaan, et jotenkin kuvataan sit\u00e4, just t\u00e4\u00e4 mit\u00e4 s\u00e4 t\u00e4st\u00e4 vuorovaikutuksesta sanoit, et my\u00f6s se hyv\u00e4, mik\u00e4 siin\u00e4 tilanteessa, jos t\u00e4mm\u00f6isiss\u00e4 tilanteista on kyse, niin senkin voi sinne ihan hyvin laittaa, ett\u00e4 huoli-ilmoitus tai lastensuojeluilmoitus ei tarkoita, ett\u00e4 siin\u00e4 tarvitsee olla vain ja ainoastaan niit\u00e4 negatiivisia ja niit\u00e4 huolestuttavia asioita, vaan kaikki semmonen olennainen t\u00e4rke\u00e4 tieto on t\u00e4rke\u00e4t\u00e4 siihen kirjata.<\/p>\n\n\n\n<p>Anne-Mari: Miten sitten, Minna tuossa aikaisemmin kerroit, ett\u00e4 jos vaikka kadulla n\u00e4kee sitten pienen lapsen p\u00e4ihtyneen huoltajan kanssa, niin mit\u00e4 sitten neuvoisit niihin tilanteisiin, ett\u00e4 kun ei voi tiet\u00e4\u00e4, ett\u00e4 kenest\u00e4 lapsesta ja kenest\u00e4 vanhemmasta on kyse, niin mill\u00e4 tavalla neuvoisit sitten niiss\u00e4 tilanteissa toimimaan?<\/p>\n\n\n\n<p>Minna: No t\u00e4llasissa, mitk\u00e4 tulee itselle sit ehk\u00e4 siell\u00e4 kaupungilla kulkiessa ihan yll\u00e4tyksen\u00e4 vastaan, et joutuu t\u00e4llaiseen tilanteeseen, niin silloin kannattaa vaan soittaa saman tien oikeastaan 112:een, h\u00e4t\u00e4keskukseen, ett\u00e4 toki voi aatella n\u00e4in, ett\u00e4 hetken aikaa tarkkailis, mut sit voi k\u00e4yd\u00e4 niin, ett\u00e4 se tilanne onkin nopsaan ohi, siit\u00e4 onkin hyp\u00e4nnyt joku bussiin, ja lapsi on siell\u00e4 mukana matkassa, et kyl m\u00e4 aattelen, et jos on yht\u00e4\u00e4n syyt\u00e4 ep\u00e4ill\u00e4, ett\u00e4 lapsi on nimenomaan p\u00e4ihtyneen henkil\u00f6n seurassa, niin se on saman tien soitto 112:een. Silloin tapahtuu niin, ett\u00e4 sinne l\u00e4hetet\u00e4\u00e4n poliisipartio heti paikalle, ja sit sit\u00e4 l\u00e4hdet\u00e4\u00e4n siit\u00e4 selvittelem\u00e4\u00e4n. Oon ollut t\u00e4llasis, Tuijakin on varmasti ollut t\u00e4llaisissa tilanteissa, et sit sinne tulee my\u00f6s sosiaalip\u00e4ivystys, ja yhdess\u00e4 selvitell\u00e4\u00e4n sit\u00e4 tilannetta.<\/p>\n\n\n\n<p>Anne-Mari: Mink\u00e4laista neuvoa viel\u00e4 antaisitte sitten n\u00e4ille viranomaisille, jotka joskus sitten joutuvat pohtimaan sit\u00e4 omaa rooliaan niinkun siin\u00e4 ammattiroolissa, ja sitten ehk\u00e4 vapaa-ajalla? Ett\u00e4 jos vaikka opettaja n\u00e4kee vapaa-ajalla tai loma-ajallaan jotakin vaikka omaan oppilaaseen tai koulun oppilaaseen liittyv\u00e4\u00e4, joka antaa aihetta sitten ilmaista sit\u00e4 huolta eteenp\u00e4in, niin mit\u00e4 neuvoa antaisitte n\u00e4iss\u00e4 tilanteissa, ett\u00e4 mink\u00e4laisessa roolissa sitten vaikka viranomainen vapaa-ajallaan sitten, mik\u00e4 h\u00e4nen roolinsa ja velvoitteensa n\u00e4iss\u00e4 tilanteissa on?<\/p>\n\n\n\n<p>Minna: No viranomainen on vapaa-ajallaan vapaa-ajalla, ett\u00e4 lakihan ei viranomaista velvoita vapaa-ajallaan n\u00e4kem\u00e4st\u00e4\u00e4n ilmoittamaan eteenp\u00e4in, n\u00e4in se menee. Mutta se on sit jokaisen tietysti sen, ei ehk\u00e4 ainoastaan sit semmonen omantunnon asia, vaan kyll\u00e4 m\u00e4 mietin, ett\u00e4 jos niinku vaikka nyt olisin opettaja, ja sitten vaikka jalkapalloharrastuksen yhteydess\u00e4 jotenkin tulisi tietoon jotain huolestuttavaa liittyen nyt omaan oppilaaseen, niin voisin ajatella, ett\u00e4 joutuisin hiukan ep\u00e4miellytt\u00e4v\u00e4\u00e4n tilanteeseen, jos en mitenk\u00e4\u00e4n niinkun siihen asiaan reagoisi. Et kyl m\u00e4 nyt ainakin v\u00e4hint\u00e4\u00e4n sen sit varmaan jollain tavalla ottaisin puheeksi asianosaisen, nuoren tai huoltajien kanssa, ett\u00e4 hei ett\u00e4 t\u00e4llainen tilanne, et vapaa-ajalla tuli t\u00e4mm\u00f6nen vastaan, mut et lakihan ei siihen velvoita, mutta ehk\u00e4 m\u00e4 kehottaisin miettim\u00e4\u00e4n sit\u00e4 omaa olemista siin\u00e4 omassa ammattiroolissa sielt\u00e4 n\u00e4k\u00f6kulmasta, et mit\u00e4 se sitten tuo siihen omaan olemiseen siin\u00e4 ammattiroolissa, jos ei siihen mill\u00e4\u00e4n tavalla reagoi. Mutta laki ei velvoita.<\/p>\n\n\n\n<p>Tuija: Ja kyl m\u00e4kin ajattelisin, et mitk\u00e4 on sit ne ammattieettiset perusteet ja n\u00e4kemykset, et kyl m\u00e4 ajattelisin, ett\u00e4 kun n\u00e4kee, m\u00e4 ylip\u00e4\u00e4t\u00e4\u00e4n per\u00e4\u00e4nkuulutan sit\u00e4, et kun n\u00e4kee jotain sellaista, joka aiheuttaa huolta, niin siit\u00e4 olla yhteydess\u00e4. Ja vaikka sitten konsultointin\u00e4k\u00f6kulmasta, et sit\u00e4h\u00e4n voi sit soittaa ja konsultoida sosiaalitointa, sosiaalip\u00e4ivystyst\u00e4 Turussa, mutta muualla my\u00f6skin, joka puolella Suomea on sosiaalip\u00e4ivystykset, niin konsultoida sosiaality\u00f6ntekij\u00e4\u00e4 siit\u00e4, et miten t\u00e4ss\u00e4 tilanteessa olisi hyv\u00e4 toimia.<\/p>\n\n\n\n<p>Anne-Mari: Oikein hyv\u00e4, eli viranomaisella on vapaa-ajallaankin edelleen oikeus toimia sitten lapsen edun mukaisesti ja toteuttaa sit\u00e4 lapsen suojelun teht\u00e4v\u00e4\u00e4, joka ihan kaikilla kansalaisilla kuitenkin on.<\/p>\n\n\n\n<p>Minna: Kyll\u00e4, nimenomaan n\u00e4in, oikeus on, ja kyll\u00e4 komppaan Tuijaa siin\u00e4, ett\u00e4 aattelen, et ainakin kaikki, jotka tekee jo l\u00e4ht\u00f6kohtaisesti lasten kanssa t\u00f6it\u00e4, niin ehk\u00e4 t\u00e4mm\u00f6nen on hyv\u00e4 k\u00e4yd\u00e4 itsens\u00e4 kanssa t\u00e4llanen reflektointi, ett\u00e4 miettis jo etuk\u00e4teen, et semmonen tilanne voi tulla vastaan, niin olisi jo miettinyt valmiiksi sit\u00e4, ett\u00e4 mihin on siin\u00e4 kohtaa sitten valmis ryhtym\u00e4\u00e4n, ja miten toimisi, niin sitten ei se h\u00e4kellyt\u00e4 se tilanne itsess\u00e4\u00e4n niin paljon.<\/p>\n\n\n\n<p>Anne-Mari: Hyv\u00e4, kiitos. T\u00e4ss\u00e4 tuli hyvinkin nyt n\u00e4m\u00e4 meid\u00e4n teemat n\u00e4ist\u00e4 ilmoitusvelvollisuuteen ja n\u00e4ihin yhteydenottoihin liittyvist\u00e4 menettelyist\u00e4, niin kiitos n\u00e4ist\u00e4 teille.<\/p>\n\n\n\n<p>Minna ja Tuija: Kiitos.<\/p>\n\n\n\n<p>-Yhteinen \u00e4\u00e4ni.-<\/p>\nSeuraa meit\u00e4:    <a class=\"synved-social-button synved-social-button-follow synved-social-size-32 synved-social-resolution-single synved-social-provider-facebook nolightbox\" data-provider=\"facebook\" target=\"_blank\" rel=\"nofollow\" title=\"Seuraa koulutuksiamme\" href=\"https:\/\/www.facebook.com\/facebook\" style=\"font-size: 0px;width:32px;height:32px;margin:0;margin-bottom:10px;margin-right:10px\"><img loading=\"lazy\" decoding=\"async\" alt=\"Facebook\" title=\"Seuraa koulutuksiamme\" class=\"synved-share-image synved-social-image synved-social-image-follow\" width=\"32\" height=\"32\" style=\"display: inline;width:32px;height:32px;margin: 0;padding: 0;border: none;box-shadow: none\" src=\"https:\/\/blogit.utu.fi\/soteakatemia\/wp-content\/plugins\/social-media-feather\/synved-social\/image\/social\/regular\/64x64\/facebook.png\" \/><\/a><a class=\"synved-social-button synved-social-button-follow synved-social-size-32 synved-social-resolution-single synved-social-provider-twitter nolightbox\" data-provider=\"twitter\" target=\"_blank\" rel=\"nofollow\" title=\"Seuraa meit\u00e4 Twitteriss\u00e4\" href=\"https:\/\/twitter.com\/UTU_Sote\" style=\"font-size: 0px;width:32px;height:32px;margin:0;margin-bottom:10px;margin-right:10px\"><img loading=\"lazy\" decoding=\"async\" alt=\"twitter\" title=\"Seuraa meit\u00e4 Twitteriss\u00e4\" class=\"synved-share-image synved-social-image synved-social-image-follow\" width=\"32\" height=\"32\" style=\"display: inline;width:32px;height:32px;margin: 0;padding: 0;border: none;box-shadow: none\" src=\"https:\/\/blogit.utu.fi\/soteakatemia\/wp-content\/plugins\/social-media-feather\/synved-social\/image\/social\/regular\/64x64\/twitter.png\" \/><\/a><a class=\"synved-social-button synved-social-button-follow synved-social-size-32 synved-social-resolution-single synved-social-provider-rss nolightbox\" data-provider=\"rss\" target=\"_blank\" rel=\"nofollow\" title=\"Subscribe to our RSS Feed\" href=\"https:\/\/feeds.feedburner.com\/MyFeedName\" style=\"font-size: 0px;width:32px;height:32px;margin:0;margin-bottom:10px;margin-right:10px\"><img loading=\"lazy\" decoding=\"async\" alt=\"rss\" title=\"Subscribe to our RSS Feed\" class=\"synved-share-image synved-social-image synved-social-image-follow\" width=\"32\" height=\"32\" style=\"display: inline;width:32px;height:32px;margin: 0;padding: 0;border: none;box-shadow: none\" src=\"https:\/\/blogit.utu.fi\/soteakatemia\/wp-content\/plugins\/social-media-feather\/synved-social\/image\/social\/regular\/64x64\/rss.png\" \/><\/a><a class=\"synved-social-button synved-social-button-follow synved-social-size-32 synved-social-resolution-single synved-social-provider-youtube nolightbox\" data-provider=\"youtube\" target=\"_blank\" rel=\"nofollow\" title=\"Seuraa meit\u00e4 Youtubessa\" href=\"https:\/\/www.youtube.com\/channel\/UCVZp5k-UGHG6kbQkYW_YSTA\/\" style=\"font-size: 0px;width:32px;height:32px;margin:0;margin-bottom:10px;margin-right:10px\"><img loading=\"lazy\" decoding=\"async\" alt=\"youtube\" title=\"Seuraa meit\u00e4 Youtubessa\" class=\"synved-share-image synved-social-image synved-social-image-follow\" width=\"32\" height=\"32\" style=\"display: inline;width:32px;height:32px;margin: 0;padding: 0;border: none;box-shadow: none\" src=\"https:\/\/blogit.utu.fi\/soteakatemia\/wp-content\/plugins\/social-media-feather\/synved-social\/image\/social\/regular\/64x64\/youtube.png\" \/><\/a><a class=\"synved-social-button synved-social-button-follow synved-social-size-32 synved-social-resolution-single synved-social-provider-instagram nolightbox\" data-provider=\"instagram\" target=\"_blank\" rel=\"nofollow\" title=\"Seuraa meit\u00e4 Instagramissa\" href=\"https:\/\/www.instagram.com\/soteakatemia\/\" style=\"font-size: 0px;width:32px;height:32px;margin:0;margin-bottom:10px\"><img loading=\"lazy\" decoding=\"async\" alt=\"instagram\" title=\"Seuraa meit\u00e4 Instagramissa\" class=\"synved-share-image synved-social-image synved-social-image-follow\" width=\"32\" height=\"32\" style=\"display: inline;width:32px;height:32px;margin: 0;padding: 0;border: none;box-shadow: none\" src=\"https:\/\/blogit.utu.fi\/soteakatemia\/wp-content\/plugins\/social-media-feather\/synved-social\/image\/social\/regular\/64x64\/instagram.png\" \/><\/a><br\/>Jaa julkaisu:    <span class=\"synved-social-container synved-social-container-share\"><a class=\"synved-social-button synved-social-button-share synved-social-size-32 synved-social-resolution-single synved-social-provider-facebook nolightbox\" data-provider=\"facebook\" target=\"_blank\" rel=\"nofollow\" title=\"Share on Facebook\" href=\"https:\/\/www.facebook.com\/sharer.php?u=https%3A%2F%2Fblogit.utu.fi%2Fsoteakatemia%2Fwp-json%2Fwp%2Fv2%2Fposts%2F2073&#038;t=Yhteinen%20%C3%A4%C3%A4ni%3A%20Lastensuojelun%20ilmoitusvelvollisuudet%20ja%20yhteydenotot&#038;s=100&#038;p&#091;url&#093;=https%3A%2F%2Fblogit.utu.fi%2Fsoteakatemia%2Fwp-json%2Fwp%2Fv2%2Fposts%2F2073&#038;p&#091;images&#093;&#091;0&#093;=https%3A%2F%2Fblogit.utu.fi%2Fsoteakatemia%2Fwp-content%2Fuploads%2Fsites%2F534%2F2021%2F03%2Fpexels-pixabay-236215.jpg&#038;p&#091;title&#093;=Yhteinen%20%C3%A4%C3%A4ni%3A%20Lastensuojelun%20ilmoitusvelvollisuudet%20ja%20yhteydenotot\" style=\"font-size: 0px;width:32px;height:32px;margin:0;margin-bottom:10px;margin-right:10px\"><img loading=\"lazy\" decoding=\"async\" alt=\"Facebook\" title=\"Share on Facebook\" class=\"synved-share-image synved-social-image synved-social-image-share\" width=\"32\" height=\"32\" style=\"display: inline;width:32px;height:32px;margin: 0;padding: 0;border: none;box-shadow: none\" src=\"https:\/\/blogit.utu.fi\/soteakatemia\/wp-content\/plugins\/social-media-feather\/synved-social\/image\/social\/regular\/64x64\/facebook.png\" \/><\/a><a class=\"synved-social-button synved-social-button-share synved-social-size-32 synved-social-resolution-single synved-social-provider-twitter nolightbox\" data-provider=\"twitter\" target=\"_blank\" rel=\"nofollow\" title=\"Twiittaa\" href=\"https:\/\/twitter.com\/intent\/tweet?url=https%3A%2F%2Fblogit.utu.fi%2Fsoteakatemia%2Fwp-json%2Fwp%2Fv2%2Fposts%2F2073&#038;text=Hey%20check%20this%20out\" style=\"font-size: 0px;width:32px;height:32px;margin:0;margin-bottom:10px;margin-right:10px\"><img loading=\"lazy\" decoding=\"async\" alt=\"twitter\" title=\"Twiittaa\" class=\"synved-share-image synved-social-image synved-social-image-share\" width=\"32\" height=\"32\" style=\"display: inline;width:32px;height:32px;margin: 0;padding: 0;border: none;box-shadow: none\" src=\"https:\/\/blogit.utu.fi\/soteakatemia\/wp-content\/plugins\/social-media-feather\/synved-social\/image\/social\/regular\/64x64\/twitter.png\" \/><\/a><a class=\"synved-social-button synved-social-button-share synved-social-size-32 synved-social-resolution-single synved-social-provider-reddit nolightbox\" data-provider=\"reddit\" target=\"_blank\" rel=\"nofollow\" title=\"Jaa Redditiss\u00e4\" href=\"https:\/\/www.reddit.com\/submit?url=https%3A%2F%2Fblogit.utu.fi%2Fsoteakatemia%2Fwp-json%2Fwp%2Fv2%2Fposts%2F2073&#038;title=Yhteinen%20%C3%A4%C3%A4ni%3A%20Lastensuojelun%20ilmoitusvelvollisuudet%20ja%20yhteydenotot\" style=\"font-size: 0px;width:32px;height:32px;margin:0;margin-bottom:10px;margin-right:10px\"><img loading=\"lazy\" decoding=\"async\" alt=\"reddit\" title=\"Jaa Redditiss\u00e4\" class=\"synved-share-image synved-social-image synved-social-image-share\" width=\"32\" height=\"32\" style=\"display: inline;width:32px;height:32px;margin: 0;padding: 0;border: none;box-shadow: none\" src=\"https:\/\/blogit.utu.fi\/soteakatemia\/wp-content\/plugins\/social-media-feather\/synved-social\/image\/social\/regular\/64x64\/reddit.png\" \/><\/a><a class=\"synved-social-button synved-social-button-share synved-social-size-32 synved-social-resolution-single synved-social-provider-pinterest nolightbox\" data-provider=\"pinterest\" target=\"_blank\" rel=\"nofollow\" title=\"Pinnaa Pinterestiss\u00e4\" href=\"https:\/\/pinterest.com\/pin\/create\/button\/?url=https%3A%2F%2Fblogit.utu.fi%2Fsoteakatemia%2Fwp-json%2Fwp%2Fv2%2Fposts%2F2073&#038;media=https%3A%2F%2Fblogit.utu.fi%2Fsoteakatemia%2Fwp-content%2Fuploads%2Fsites%2F534%2F2021%2F03%2Fpexels-pixabay-236215.jpg&#038;description=Yhteinen%20%C3%A4%C3%A4ni%3A%20Lastensuojelun%20ilmoitusvelvollisuudet%20ja%20yhteydenotot\" style=\"font-size: 0px;width:32px;height:32px;margin:0;margin-bottom:10px;margin-right:10px\"><img loading=\"lazy\" decoding=\"async\" alt=\"pinterest\" title=\"Pinnaa Pinterestiss\u00e4\" class=\"synved-share-image synved-social-image synved-social-image-share\" width=\"32\" height=\"32\" style=\"display: inline;width:32px;height:32px;margin: 0;padding: 0;border: none;box-shadow: none\" src=\"https:\/\/blogit.utu.fi\/soteakatemia\/wp-content\/plugins\/social-media-feather\/synved-social\/image\/social\/regular\/64x64\/pinterest.png\" \/><\/a><a class=\"synved-social-button synved-social-button-share synved-social-size-32 synved-social-resolution-single synved-social-provider-linkedin nolightbox\" data-provider=\"linkedin\" target=\"_blank\" rel=\"nofollow\" title=\"Jaa LinkedIniss\u00e4\" href=\"https:\/\/www.linkedin.com\/shareArticle?mini=true&#038;url=https%3A%2F%2Fblogit.utu.fi%2Fsoteakatemia%2Fwp-json%2Fwp%2Fv2%2Fposts%2F2073&#038;title=Yhteinen%20%C3%A4%C3%A4ni%3A%20Lastensuojelun%20ilmoitusvelvollisuudet%20ja%20yhteydenotot\" style=\"font-size: 0px;width:32px;height:32px;margin:0;margin-bottom:10px;margin-right:10px\"><img loading=\"lazy\" decoding=\"async\" alt=\"linkedin\" title=\"Jaa LinkedIniss\u00e4\" class=\"synved-share-image synved-social-image synved-social-image-share\" width=\"32\" height=\"32\" style=\"display: inline;width:32px;height:32px;margin: 0;padding: 0;border: none;box-shadow: none\" src=\"https:\/\/blogit.utu.fi\/soteakatemia\/wp-content\/plugins\/social-media-feather\/synved-social\/image\/social\/regular\/64x64\/linkedin.png\" \/><\/a><a class=\"synved-social-button synved-social-button-share synved-social-size-32 synved-social-resolution-single synved-social-provider-tumblr nolightbox\" data-provider=\"tumblr\" target=\"_blank\" rel=\"nofollow\" title=\"Share on tumblr\" href=\"https:\/\/tumblr.com\/share?s=&#038;v=3&#038;t=Yhteinen%20%C3%A4%C3%A4ni%3A%20Lastensuojelun%20ilmoitusvelvollisuudet%20ja%20yhteydenotot&#038;u=https%3A%2F%2Fblogit.utu.fi%2Fsoteakatemia%2Fwp-json%2Fwp%2Fv2%2Fposts%2F2073\" style=\"font-size: 0px;width:32px;height:32px;margin:0;margin-bottom:10px;margin-right:10px\"><img loading=\"lazy\" decoding=\"async\" alt=\"tumblr\" title=\"Share on tumblr\" class=\"synved-share-image synved-social-image synved-social-image-share\" width=\"32\" height=\"32\" style=\"display: inline;width:32px;height:32px;margin: 0;padding: 0;border: none;box-shadow: none\" src=\"https:\/\/blogit.utu.fi\/soteakatemia\/wp-content\/plugins\/social-media-feather\/synved-social\/image\/social\/regular\/64x64\/tumblr.png\" \/><\/a><a class=\"synved-social-button synved-social-button-share synved-social-size-32 synved-social-resolution-single synved-social-provider-mail nolightbox\" data-provider=\"mail\" rel=\"nofollow\" title=\"Share by email\" href=\"mailto:?subject=Yhteinen%20%C3%A4%C3%A4ni%3A%20Lastensuojelun%20ilmoitusvelvollisuudet%20ja%20yhteydenotot&#038;body=Hey%20check%20this%20out:%20https%3A%2F%2Fblogit.utu.fi%2Fsoteakatemia%2Fwp-json%2Fwp%2Fv2%2Fposts%2F2073\" style=\"font-size: 0px;width:32px;height:32px;margin:0;margin-bottom:10px\"><img loading=\"lazy\" decoding=\"async\" alt=\"mail\" title=\"Share by email\" class=\"synved-share-image synved-social-image synved-social-image-share\" width=\"32\" height=\"32\" style=\"display: inline;width:32px;height:32px;margin: 0;padding: 0;border: none;box-shadow: none\" src=\"https:\/\/blogit.utu.fi\/soteakatemia\/wp-content\/plugins\/social-media-feather\/synved-social\/image\/social\/regular\/64x64\/mail.png\" \/><\/a><\/span>","protected":false},"excerpt":{"rendered":"<p>Aiheesta keskustelemassa johtava sosiaality\u00f6ntekij\u00e4 Minna Rantalaiho ja sosiaality\u00f6ntekij\u00e4 Tuija Passoja. Haastattelijana sosiaality\u00f6n yliopisto-opettaja Anne-Mari Jaakola.<\/p>\n","protected":false},"author":5186,"featured_media":2076,"comment_status":"open","ping_status":"open","sticky":false,"template":"","format":"standard","meta":{"footnotes":""},"categories":[12,51],"tags":[504,507,231,513,510],"class_list":["post-2073","post","type-post","status-publish","format-standard","has-post-thumbnail","hentry","category-artikkelit","category-podcast","tag-ilmoitus","tag-ilmoitusvelvollisuus","tag-lastensuojelu","tag-sosiaalityo","tag-yhteydenotto"],"featured_image_urls_v2":{"full":["https:\/\/blogit.utu.fi\/soteakatemia\/wp-content\/uploads\/sites\/534\/2021\/03\/pexels-pixabay-236215.jpg",2311,1526,false],"thumbnail":["https:\/\/blogit.utu.fi\/soteakatemia\/wp-content\/uploads\/sites\/534\/2021\/03\/pexels-pixabay-236215-150x150.jpg",150,150,true],"medium":["https:\/\/blogit.utu.fi\/soteakatemia\/wp-content\/uploads\/sites\/534\/2021\/03\/pexels-pixabay-236215-300x198.jpg",300,198,true],"medium_large":["https:\/\/blogit.utu.fi\/soteakatemia\/wp-content\/uploads\/sites\/534\/2021\/03\/pexels-pixabay-236215-768x507.jpg",768,507,true],"large":["https:\/\/blogit.utu.fi\/soteakatemia\/wp-content\/uploads\/sites\/534\/2021\/03\/pexels-pixabay-236215-1024x676.jpg",1024,676,true],"hd_qu_size2":["https:\/\/blogit.utu.fi\/soteakatemia\/wp-content\/uploads\/sites\/534\/2021\/03\/pexels-pixabay-236215-400x400.jpg",400,400,true],"1536x1536":["https:\/\/blogit.utu.fi\/soteakatemia\/wp-content\/uploads\/sites\/534\/2021\/03\/pexels-pixabay-236215-1536x1014.jpg",1536,1014,true],"2048x2048":["https:\/\/blogit.utu.fi\/soteakatemia\/wp-content\/uploads\/sites\/534\/2021\/03\/pexels-pixabay-236215-2048x1352.jpg",2048,1352,true],"post-thumbnail":["https:\/\/blogit.utu.fi\/soteakatemia\/wp-content\/uploads\/sites\/534\/2021\/03\/pexels-pixabay-236215-382x252.jpg",382,252,true],"esotera-featured":["https:\/\/blogit.utu.fi\/soteakatemia\/wp-content\/uploads\/sites\/534\/2021\/03\/pexels-pixabay-236215-382x300.jpg",382,300,true],"esotera-featured-lp":["https:\/\/blogit.utu.fi\/soteakatemia\/wp-content\/uploads\/sites\/534\/2021\/03\/pexels-pixabay-236215-1300x300.jpg",1300,300,true],"esotera-featured-half":["https:\/\/blogit.utu.fi\/soteakatemia\/wp-content\/uploads\/sites\/534\/2021\/03\/pexels-pixabay-236215-800x300.jpg",800,300,true],"esotera-featured-third":["https:\/\/blogit.utu.fi\/soteakatemia\/wp-content\/uploads\/sites\/534\/2021\/03\/pexels-pixabay-236215-512x300.jpg",512,300,true],"esotera-lpbox-1":["https:\/\/blogit.utu.fi\/soteakatemia\/wp-content\/uploads\/sites\/534\/2021\/03\/pexels-pixabay-236215-650x600.jpg",607,560,true],"esotera-lpbox-2":["https:\/\/blogit.utu.fi\/soteakatemia\/wp-content\/uploads\/sites\/534\/2021\/03\/pexels-pixabay-236215-480x600.jpg",480,600,true]},"post_excerpt_stackable_v2":"<p>Aiheesta keskustelemassa johtava sosiaality\u00f6ntekij\u00e4 Minna Rantalaiho ja sosiaality\u00f6ntekij\u00e4 Tuija Passoja. Haastattelijana sosiaality\u00f6n yliopisto-opettaja Anne-Mari Jaakola.<\/p>\n","category_list_v2":"<a href=\"https:\/\/blogit.utu.fi\/soteakatemia\/category\/artikkelit\/\" rel=\"category tag\">Artikkelit<\/a>, <a href=\"https:\/\/blogit.utu.fi\/soteakatemia\/category\/podcast\/\" rel=\"category tag\">Podcastit<\/a>","author_info_v2":{"name":"Dialogiblogi","url":"https:\/\/blogit.utu.fi\/soteakatemia\/author\/sumaput\/"},"comments_num_v2":"0 comments","_links":{"self":[{"href":"https:\/\/blogit.utu.fi\/soteakatemia\/wp-json\/wp\/v2\/posts\/2073","targetHints":{"allow":["GET"]}}],"collection":[{"href":"https:\/\/blogit.utu.fi\/soteakatemia\/wp-json\/wp\/v2\/posts"}],"about":[{"href":"https:\/\/blogit.utu.fi\/soteakatemia\/wp-json\/wp\/v2\/types\/post"}],"author":[{"embeddable":true,"href":"https:\/\/blogit.utu.fi\/soteakatemia\/wp-json\/wp\/v2\/users\/5186"}],"replies":[{"embeddable":true,"href":"https:\/\/blogit.utu.fi\/soteakatemia\/wp-json\/wp\/v2\/comments?post=2073"}],"version-history":[{"count":2,"href":"https:\/\/blogit.utu.fi\/soteakatemia\/wp-json\/wp\/v2\/posts\/2073\/revisions"}],"predecessor-version":[{"id":2208,"href":"https:\/\/blogit.utu.fi\/soteakatemia\/wp-json\/wp\/v2\/posts\/2073\/revisions\/2208"}],"wp:featuredmedia":[{"embeddable":true,"href":"https:\/\/blogit.utu.fi\/soteakatemia\/wp-json\/wp\/v2\/media\/2076"}],"wp:attachment":[{"href":"https:\/\/blogit.utu.fi\/soteakatemia\/wp-json\/wp\/v2\/media?parent=2073"}],"wp:term":[{"taxonomy":"category","embeddable":true,"href":"https:\/\/blogit.utu.fi\/soteakatemia\/wp-json\/wp\/v2\/categories?post=2073"},{"taxonomy":"post_tag","embeddable":true,"href":"https:\/\/blogit.utu.fi\/soteakatemia\/wp-json\/wp\/v2\/tags?post=2073"}],"curies":[{"name":"wp","href":"https:\/\/api.w.org\/{rel}","templated":true}]}}