{"id":4077,"date":"2020-11-09T16:56:04","date_gmt":"2020-11-09T13:56:04","guid":{"rendered":"https:\/\/blogit.utu.fi\/tseopintotoimisto\/?p=4077"},"modified":"2020-11-13T09:38:26","modified_gmt":"2020-11-13T06:38:26","slug":"uutiskirje-11-2020","status":"publish","type":"post","link":"https:\/\/blogit.utu.fi\/tseopintotoimisto\/2020\/11\/09\/uutiskirje-11-2020\/","title":{"rendered":"Uutiskirje 11\/2020"},"content":{"rendered":"\n<p><strong>Marraskuun uutiskirjeen aiheita ovat<\/strong><\/p>\n\n\n\n<ol class=\"wp-block-list\"><li><strong>Kev\u00e4\u00e4n opetuksesta<\/strong><\/li><li><strong>Suunnitelmissa opiskelijavaihto?<\/strong><\/li><li><strong>Erikoistumissuunnan valinta: 1. vsk<\/strong><\/li><li><strong>HT-vaatimukset Porissa<\/strong><\/li><li><strong>Muuta ajankohtaista <\/strong><\/li><\/ol>\n\n\n\n<figure class=\"wp-block-image size-large\"><img loading=\"lazy\" decoding=\"async\" width=\"1024\" height=\"682\" src=\"https:\/\/blogit.utu.fi\/tseopintotoimisto\/wp-content\/uploads\/sites\/152\/2020\/11\/leon-contreras-vA5OhGK8hKE-unsplash-1024x682.jpg\" alt=\"\" class=\"wp-image-4521\" srcset=\"https:\/\/blogit.utu.fi\/tseopintotoimisto\/wp-content\/uploads\/sites\/152\/2020\/11\/leon-contreras-vA5OhGK8hKE-unsplash-1024x682.jpg 1024w, https:\/\/blogit.utu.fi\/tseopintotoimisto\/wp-content\/uploads\/sites\/152\/2020\/11\/leon-contreras-vA5OhGK8hKE-unsplash-300x200.jpg 300w, https:\/\/blogit.utu.fi\/tseopintotoimisto\/wp-content\/uploads\/sites\/152\/2020\/11\/leon-contreras-vA5OhGK8hKE-unsplash-768x511.jpg 768w, https:\/\/blogit.utu.fi\/tseopintotoimisto\/wp-content\/uploads\/sites\/152\/2020\/11\/leon-contreras-vA5OhGK8hKE-unsplash-1536x1022.jpg 1536w, https:\/\/blogit.utu.fi\/tseopintotoimisto\/wp-content\/uploads\/sites\/152\/2020\/11\/leon-contreras-vA5OhGK8hKE-unsplash-2048x1363.jpg 2048w\" sizes=\"auto, (max-width: 1024px) 100vw, 1024px\" \/><\/figure>\n\n\n\n<h1 class=\"wp-block-heading\"><strong>1. Kev\u00e4\u00e4n opetu<\/strong>ksesta<\/h1>\n\n\n\n<p>Kuten olet jo huomannut yliopiston tiedonannoista, <a rel=\"noreferrer noopener\" href=\"https:\/\/intranet.utu.fi\/fi\/ajankohtaista\/uutiset\/Sivut\/kevatlukukausi-jarjestetaan-paaasiassa-etaopetuksena.aspx\" target=\"_blank\">jatkamme my\u00f6s kev\u00e4\u00e4ll\u00e4 p\u00e4\u00e4asiassa et\u00e4opetuksessa<\/a>. Koska ohjeistus on muuttuvainen, muistathan seurata <a rel=\"noreferrer noopener\" href=\"http:\/\/mail.utu.fi\" target=\"_blank\">UTU-s\u00e4hk\u00f6postiasi<\/a> ja <a rel=\"noreferrer noopener\" href=\"https:\/\/www.utu.fi\/fi\/ajankohtaista-koronaviruksesta\" target=\"_blank\">TY:n koronaohjeita<\/a>.<\/p>\n\n\n\n<p>Kev\u00e4\u00e4n opetusaikataulut julkaistaan mahdollisimman pian marraskuussa. Tiedotamme asiasta vuosikurssilistojen kautta UTU-s\u00e4hk\u00f6postiisi. Jos huomaat kev\u00e4\u00e4n opetusaikoja <a href=\"https:\/\/opas.peppi.utu.fi\">opinto-oppaassa<\/a> jo nyt, ota huomioon, ett\u00e4 ne voivat muuttua viel\u00e4. Muutokset ovat mahdollisia my\u00f6s my\u00f6hemmin.<\/p>\n\n\n\n<p>Muista my\u00f6s <a rel=\"noreferrer noopener\" href=\"https:\/\/www.utu.fi\/sites\/default\/files\/public%3A\/\/media\/file\/Ty%C3%B6skentelyajat_TSE_0.pdf\" target=\"_blank\">3. periodin kurssi-ilmoittautumiset marras-joulukuussa<\/a>!<\/p>\n\n\n\n<h1 class=\"wp-block-heading\">2. Suunnitelmissa opiskelijavaihto?<\/h1>\n\n\n\n<p>TY:n kansainv\u00e4lisen liikkuvuuden tiimi j\u00e4rjest\u00e4\u00e4 taas kv-viikon 7.12. alkaen ja muita infotilaisuuksia. Muista osallistua! <\/p>\n\n\n\n<p>&gt;&gt; Tarkista itse\u00e4si kiinnostavat tapahtumat ja hakuajat <a rel=\"noreferrer noopener\" href=\"https:\/\/intranet.utu.fi\/index\/vaihtoon-hakeminen\/Sivut\/vaihtoinfoja.aspx\" target=\"_blank\">Kansainv\u00e4lisen liikkuvuuden ohjesivuilta intrassa<\/a>. Vaihtohaut avautuvat p\u00e4\u00e4osin marras-joulukuussa. <br>&gt;&gt; Erityisesti <a href=\"https:\/\/intranet.utu.fi\/index\/vaihtoon-hakeminen\/Sivut\/vaihtoinfoja.aspx\" target=\"_blank\" rel=\"noreferrer noopener\"><strong>kauppatieteilij\u00f6ille <\/strong>suunnattu tilaisuus<\/a> pidet\u00e4\u00e4n <strong>Zoomissa <\/strong>ke 9.12. klo 12.15.<br>&gt;&gt; Seuraa <a href=\"https:\/\/www.instagram.com\/utuvaihdossa\/?hl=en\"><strong>UTUvaihdossa<\/strong><\/a><strong>\u2013<\/strong>kanavalla <a href=\"https:\/\/intranet.utu.fi\/index\/vaihtokokemukset\/Sivut\/UTUvaihdossa-Instagram.aspx\">meid\u00e4n opiskelijoita<\/a> maailmalla <br>&gt;&gt; My\u00f6s <strong>Youtubesta<\/strong> l\u00f6ytyy <a href=\"https:\/\/www.youtube.com\/playlist?list=PLSmJtlSQuvVLwtQQgi6gxf10obeKh7D32\">yliopiston ohjevideoita<\/a> mm. motivaatiokirjeen laatimisesta.<br>&gt;&gt; Muista my\u00f6s <strong>TuKY:n<\/strong> ja Kansainv\u00e4lisen liikkuvuuden tiimin vaihtoiltap\u00e4iv\u00e4 2.12. Zoomissa! Vaihdosta palanneet jakavat kokemuksiaan ja kv-tiimilt\u00e4 voi kysy\u00e4 ohjausta. My\u00f6s opintotoimisto on paikalla puhumassa vaihto-opintojen suunnittelusta. <\/p>\n\n\n\n<p>&gt;&gt; Huom: Vaihtoon l\u00e4htij\u00e4, vaikka Online Learning Agreement (OLA) on s\u00e4hk\u00f6inen, muista olla yhteydess\u00e4 omaan oppiaineeseesi ja tarkista ett\u00e4 vaihtosuunnitelmasi on ok.<br>&gt;&gt; OLA:ssa on ollut viimep\u00e4ivin\u00e4 kirjautumisongelmia. Asia on tiedossa ja sit\u00e4 korjataan.<\/p>\n\n\n\n<h1 class=\"wp-block-heading\">3. Erikoistumissuunnan valinta: 1. vsk<\/h1>\n\n\n\n<p>&gt;&gt; <strong>Turussa<\/strong> 1. vsk (KTK-opiskelijat) osallistuu marraskuun aikana erikoistumissuunnan valintainfoon sek\u00e4 tutkinto-ohjelmien infotilaisuuksiin alkaen <strong>ma 9.11.<\/strong> Lis\u00e4ksi kansainv\u00e4lisen johtamisen ja yritt\u00e4jyyden tutkinto-ohjelman valitsevat 1. vsk:n opiskelijat osallistuvat HOPS-infoon <strong>ma 23.11. <\/strong><br>&gt;&gt; <strong>Tarkemmat infot, aikataulut ja linkit<\/strong> <a rel=\"noreferrer noopener\" href=\"https:\/\/moodle.utu.fi\/course\/view.php?id=18724\" target=\"_blank\">1. vsk:n perehdytys-Moodlessa<\/a>.<\/p>\n\n\n\n<p>HUOM: <strong>Porissa<\/strong> KTK-opiskelijoiden vuosikurssi 2020 laatii opintosuunnitelmansa kev\u00e4tlukukauden 2021 puolella. Erikoistumissuuntien infotilaisuudet j\u00e4rjestet\u00e4\u00e4n 3. periodin aikana. Tarkemmat ajankohdat tiedotetaan my\u00f6hemmin.<\/p>\n\n\n\n<p>Kaikille yhteisi\u00e4 ohjeita erikoistumissuunnan valinnasta l\u00f6yd\u00e4t intrasta: <a href=\"https:\/\/intranet.utu.fi\/fi\/yksikot\/tse\/studying\/opintojensuunnittelu\/opintojensuunnittelujahops\/paaineen-tai-erikoistumissuunnan-valinta\/Sivut\/default.aspx\">TSE &gt; Opiskelu &gt; Opintojen suunnittelu ja HOPS.<\/a><\/p>\n\n\n\n<h1 class=\"wp-block-heading\">4. HT-vaatimukset Porissa<\/h1>\n\n\n\n<p>Porin HT-vastaavuustodistuksen kurssivaatimuksia on t\u00e4smennetty ja yhten\u00e4istetty Turun vaatimusten kanssa YJ:n osalta! <\/p>\n\n\n\n<p>&gt;&gt; L\u00f6yd\u00e4t kurssivaatimukset nyt <a rel=\"noreferrer noopener\" href=\"https:\/\/www.utu.fi\/fi\/yliopisto\/turun-kauppakorkeakoulu\/opiskelu-turun-yliopiston-kauppakorkeakoulussa\/ht-ja-jht-vastaavuustodistukset\" target=\"_blank\">sek\u00e4 Turun ett\u00e4 Porin osalta TSE:n verkkosivuilta<\/a>. <br>&gt;&gt; My\u00f6s <a rel=\"noreferrer noopener\" href=\"https:\/\/opas.peppi.utu.fi\/fi\/opintokokonaisuus\/PYJ-1001\/16612?period=2020-2022\" target=\"_blank\">opinto-opasta on p\u00e4ivitetty<\/a> vastaavasti!<\/p>\n\n\n\n<h1 class=\"wp-block-heading\">5. Muuta ajankohtaista<\/h1>\n\n\n\n<p><strong>EDIT. 10.11.!<\/strong> Taloustieteen laitos j\u00e4rjest\u00e4\u00e4 17.11. klo 17.15 alkaen Zoomissa tilaisuuden &#8221;<strong>Kes\u00e4t\u00f6ihin taloustieteen opiskelijana &#8211; Minne, miten ja milloin?<\/strong>&#8221; Paikalla paljon vierailevia puhujia kertomassa erilaisista mahdollisuuksista! Jos kiinnostuit, <a href=\"https:\/\/www.utu.fi\/fi\/ihmiset\/wilma-nissila\" target=\"_blank\" rel=\"noreferrer noopener\">ota yhteys Wilma Nissil\u00e4\u00e4n<\/a> saadaksisi lis\u00e4tiedot ja Zoom-linkin.<\/p>\n\n\n\n<p><strong>Turun opiskelijat:<\/strong> Opiskelijoiden k\u00e4ytt\u00f6\u00f6n on avattu joitain opiskelutiloja kampuksella. <a rel=\"noreferrer noopener\" href=\"https:\/\/intranet.utu.fi\/fi\/ajankohtaista\/uutiset\/Sivut\/opiskelijoiden-kayttoon-on-avattu-ryhmatyotiloja.aspx\" target=\"_blank\">Lue asiasta intrassa<\/a>!<\/p>\n\n\n\n<p><strong>Kurkkaa kev\u00e4\u00e4n valmistumisp\u00e4iv\u00e4t intrasta!<\/strong><\/p>\n\n\n\n<p>&gt;&gt; Huom: Jos olet vsk 2015 ja KTK-paperit on viel\u00e4 ottamatta, muista 1.2.2021 m\u00e4\u00e4r\u00e4aika ja lue aiheesta lis\u00e4\u00e4 mm. <a rel=\"noreferrer noopener\" href=\"https:\/\/blogit.utu.fi\/tseopintotoimisto\/2020\/10\/02\/uutiskirje-10-2020\/\" target=\"_blank\">viime kuun uutiskirjeest\u00e4<\/a>.<br>&gt;&gt; Valmistuvat maisterit huom: Talven valmistumisjuhlan ajankohta on ly\u00f6ty lukkoon! <a rel=\"noreferrer noopener\" href=\"https:\/\/intranet.utu.fi\/fi\/yksikot\/tse\/studying\/valmistuminen_\/ekonominarvojavalmistumisjuhla\/Sivut\/default.aspx\" target=\"_blank\">Tarkista tarkemmat tiedot intrasta<\/a>.<\/p>\n\n\n\n<p><strong>Joopas-hakemus on muuttanut!<\/strong><\/p>\n\n\n\n<p>&gt;&gt; Onko joustava opinto-oikeus eli mahdollisuus suorittaa tietyin edellytyksin opintoja toisessa yliopistossa tuttua? <a rel=\"noreferrer noopener\" href=\"https:\/\/wiki.eduuni.fi\/display\/CSCJOOPAS\/JOOPAS+ja+PURO\" target=\"_blank\">Tutustu l\u00e4hemmin osoitteessa joopas.fi<\/a> &gt; lyhytosoite on sama vanha mutta palveluntarjoaja on muuttunut.<\/p>\n\n\n\n<p><strong>Aarresaari on nyt Jobteaser<\/strong><\/p>\n\n\n\n<p>&gt;&gt;Saimme vinkin TY:n ura- ja ty\u00f6el\u00e4m\u00e4palveluista eli Rekryst\u00e4, ett\u00e4 korkeakouluopiskelijoille suunnatut <a rel=\"noreferrer noopener\" href=\"https:\/\/www.jobteaser.com\/fi\/home\" target=\"_blank\">harjoittelupaikat l\u00f6ytyv\u00e4t jatkossa sivustolta jobteaser.com<\/a>. <br>&gt;&gt; Kannattaa tutustua my\u00f6s <a rel=\"noreferrer noopener\" href=\"https:\/\/sites.utu.fi\/rekry\/tyonhaku-ja-urasuunnittelu\/?utm_source=emaileri&amp;utm_medium=email&amp;utm_campaign=Rekryn%20uutiskirje*%20Tukea%20tyonhakuun&amp;utm_term=Tutustu%20Rekryn%20tyonhakuvinkkeihin&amp;utm_content=u-3702083-61638750-2150561-7\" target=\"_blank\">Rekryn tuleviin tapahtumiin<\/a> (mm. T\u00f6iss\u00e4 henkil\u00f6st\u00f6alalla -webinaari 10.11.)<\/p>\n\n\n\n<p><strong>Jos kaipaat juttuseuraa, kun et\u00e4opiskelu tai el\u00e4m\u00e4 muuten vaan tuntuu raskaalta, t\u00e4ss\u00e4 pari vinkki\u00e4:<\/strong><\/p>\n\n\n\n<p>&gt;&gt; <a rel=\"noreferrer noopener\" href=\"https:\/\/www.nyyti.fi\/\" target=\"_blank\">Nyyti Ry:n<\/a> tavoite on edist\u00e4\u00e4 korkeakouluopiskelijoiden opiskelukyky\u00e4. Nyyti j\u00e4rjest\u00e4\u00e4 s\u00e4\u00e4nn\u00f6llisesti mm. nimett\u00f6mi\u00e4 vertaistuki-chattej\u00e4 eri teemoista. Kurkkaa <a rel=\"noreferrer noopener\" href=\"https:\/\/www.nyyti.fi\/opiskelijoille\/chat\/\" target=\"_blank\">Chattien ajankohdat ja aiheet verkosta<\/a>!<br>&gt;&gt; <a rel=\"noreferrer noopener\" href=\"https:\/\/teams.microsoft.com\/l\/meetup-join\/19%3ameeting_YTkzMzU5MzctZjdkOS00N2Q5LWFiNWItMjk2OTFmMzhkM2Yx%40thread.v2\/0?context=%7b%22Tid%22%3a%22a609c794-a48e-43b2-be34-990f3b068db2%22%2c%22Oid%22%3a%22d569fa1f-df1e-484f-8453-511bc77a6691%22%7d\" target=\"_blank\">Yliopistopapit j\u00e4rjest\u00e4v\u00e4t vapaamuotoisia p\u00e4iv\u00e4kahveja Teamsiss\u00e4<\/a> torstaisin klo 13-14. Jutun juurena mm. jaksaminen ja hyvinvointi.<br>&gt;&gt; TY tarjoaa j\u00e4lleen 23.11. Tilaa surulle -tilaisuuden opiskelijoille, jotka ovat menett\u00e4neet l\u00e4heisen. <a href=\"https:\/\/webropol.com\/s\/Tilaa-surulle-2020-ilmoittautuminen\" target=\"_blank\" rel=\"noreferrer noopener\">Ilmoittaudu 16.11. menness\u00e4<\/a>. Lis\u00e4ksi kev\u00e4\u00e4lle on suunnitteilla pidempiaikainen Suru-ryhm\u00e4.<\/p>\n\n\n\n<p><strong>Huomasitko jo blogipostauksemme liittyen syyskuiseen ideakilpailuun? <\/strong><\/p>\n\n\n\n<p>&gt;&gt; <a href=\"https:\/\/blogit.utu.fi\/tseopintotoimisto\/2020\/10\/23\/kehittamisehdotuksia-opiskelun-tukemiseen-poikkeustilanteessa\/\" target=\"_blank\" rel=\"noreferrer noopener\">Kurkkaa TSEl\u00e4isten parhaat ideat ja kyselyn satoa edellisest\u00e4 postauksestamme<\/a>.<br>&gt;&gt; Olemme kautta aikojen julkaisseet uutiskirjeen lis\u00e4ksi muutamia muitakin blogipostauksia. Tutustu opintotoimiston toimistaan:<\/p>\n\n\n\n<ul class=\"wp-block-list\"><li>Fiilistele meid\u00e4n kanssa <a href=\"https:\/\/blogit.utu.fi\/tseopintotoimisto\/2018\/12\/20\/tse-opintotoimisto-goes-cbs\/\" target=\"_blank\" rel=\"noreferrer noopener\">joulunaikaa ja Copenhagen Business Schoolin menoa<\/a>.<\/li><li>Lue <a href=\"https:\/\/blogit.utu.fi\/tseopintotoimisto\/2019\/02\/14\/we-3-interns\/\" target=\"_blank\" rel=\"noreferrer noopener\">millaista on olla kauppatieteilij\u00e4 opintotoimistossa<\/a> &#8211; haemme harkkaria taas alkuvuodesta.<\/li><\/ul>\n\n\n\n<p><strong>Ja hei, aloitimme lokakuussa Instagramissa kysymyskeskiviikot ja totuustorstait! <a href=\"https:\/\/www.instagram.com\/tseopintotoimisto\/\" target=\"_blank\" rel=\"noreferrer noopener\">Ota meid\u00e4t seurantaan<\/a>, laita kysymys stoorin laatikkoon keskiviikkona ja saat vastauksen torstaina.<\/strong><\/p>\n\n\n\n<p class=\"has-text-align-right\">Opintotoimiston v\u00e4ki<\/p>\n\n\n\n<p><em>In English: <a rel=\"noreferrer noopener\" href=\"https:\/\/www.utu.fi\/en\/information-on-coronavirus\" target=\"_blank\">As you have been informed<\/a>, UTU mainly contienues remote studies during the Spring term. Regardeless, our Spring schedules will be published in late-November and you will find them on <a rel=\"noreferrer noopener\" href=\"https:\/\/opas.peppi.utu.fi\/en\/degree-studies\/14002\/o?period=2020-2022\" target=\"_blank\">the Study Guide<\/a>. Also, you will find <a rel=\"noreferrer noopener\" href=\"https:\/\/intranet.utu.fi\/en\/units\/tse\/studying\/Pages\/Graduation.aspx\" target=\"_blank\">the TSE graduation schedules<\/a> for the Spring term on the Intranet. If your are planning a student exchange during next Academic Year, <a rel=\"noreferrer noopener\" href=\"https:\/\/intranet.utu.fi\/index\/applying-for-exchange\/Pages\/default.aspx\" target=\"_blank\">please familiarize yourself with the application periods and info lectures arranged by the UTU Mobility Team<\/a>. Please notice that Internships have a new web portal: <a rel=\"noreferrer noopener\" href=\"https:\/\/www.jobteaser.com\/en\" target=\"_blank\">www.jobteaser.com<\/a>. And finally, if you need peer support to manage remote studies and life in general, please notice eg. <a rel=\"noreferrer noopener\" href=\"https:\/\/www.nyyti.fi\/en\/\" target=\"_blank\">Nyyti organization<\/a> which is specialized in supporting university students&#8217; well-being.<\/em><\/p>\n","protected":false},"excerpt":{"rendered":"<p>Marraskuun uutiskirjeen aiheita ovat Kev\u00e4\u00e4n opetuksesta Suunnitelmissa opiskelijavaihto? Erikoistumissuunnan valinta: 1. vsk HT-vaatimukset Porissa Muuta ajankohtaista 1. Kev\u00e4\u00e4n opetuksesta Kuten olet jo huomannut yliopiston tiedonannoista, jatkamme my\u00f6s kev\u00e4\u00e4ll\u00e4 p\u00e4\u00e4asiassa et\u00e4opetuksessa. Koska ohjeistus on muuttuvainen, muistathan seurata UTU-s\u00e4hk\u00f6postiasi ja TY:n koronaohjeita. Kev\u00e4\u00e4n opetusaikataulut julkaistaan mahdollisimman pian marraskuussa. Tiedotamme asiasta vuosikurssilistojen kautta UTU-s\u00e4hk\u00f6postiisi. Jos huomaat kev\u00e4\u00e4n opetusaikoja &hellip; <a href=\"https:\/\/blogit.utu.fi\/tseopintotoimisto\/2020\/11\/09\/uutiskirje-11-2020\/\" class=\"more-link\">Jatka artikkeliin <span class=\"screen-reader-text\">Uutiskirje 11\/2020<\/span><\/a><\/p>\n","protected":false},"author":6179,"featured_media":0,"comment_status":"open","ping_status":"closed","sticky":false,"template":"","format":"standard","meta":{"footnotes":""},"categories":[4],"tags":[161,29,26,71,128,168,14,104],"class_list":["post-4077","post","type-post","status-publish","format-standard","hentry","category-uutiskirje","tag-erikoistumissuunnat","tag-opetusaikataulu","tag-opetusohjelma","tag-opiskelijavaihto","tag-rekry","tag-tukea-opiskeluun","tag-valmistuminen","tag-valmistumisjuhla"],"_links":{"self":[{"href":"https:\/\/blogit.utu.fi\/tseopintotoimisto\/wp-json\/wp\/v2\/posts\/4077","targetHints":{"allow":["GET"]}}],"collection":[{"href":"https:\/\/blogit.utu.fi\/tseopintotoimisto\/wp-json\/wp\/v2\/posts"}],"about":[{"href":"https:\/\/blogit.utu.fi\/tseopintotoimisto\/wp-json\/wp\/v2\/types\/post"}],"author":[{"embeddable":true,"href":"https:\/\/blogit.utu.fi\/tseopintotoimisto\/wp-json\/wp\/v2\/users\/6179"}],"replies":[{"embeddable":true,"href":"https:\/\/blogit.utu.fi\/tseopintotoimisto\/wp-json\/wp\/v2\/comments?post=4077"}],"version-history":[{"count":25,"href":"https:\/\/blogit.utu.fi\/tseopintotoimisto\/wp-json\/wp\/v2\/posts\/4077\/revisions"}],"predecessor-version":[{"id":4557,"href":"https:\/\/blogit.utu.fi\/tseopintotoimisto\/wp-json\/wp\/v2\/posts\/4077\/revisions\/4557"}],"wp:attachment":[{"href":"https:\/\/blogit.utu.fi\/tseopintotoimisto\/wp-json\/wp\/v2\/media?parent=4077"}],"wp:term":[{"taxonomy":"category","embeddable":true,"href":"https:\/\/blogit.utu.fi\/tseopintotoimisto\/wp-json\/wp\/v2\/categories?post=4077"},{"taxonomy":"post_tag","embeddable":true,"href":"https:\/\/blogit.utu.fi\/tseopintotoimisto\/wp-json\/wp\/v2\/tags?post=4077"}],"curies":[{"name":"wp","href":"https:\/\/api.w.org\/{rel}","templated":true}]}}