{"id":4578,"date":"2021-01-21T12:38:23","date_gmt":"2021-01-21T09:38:23","guid":{"rendered":"https:\/\/blogit.utu.fi\/tseopintotoimisto\/?p=4578"},"modified":"2021-01-25T13:16:42","modified_gmt":"2021-01-25T10:16:42","slug":"uutiskirje-1-2021","status":"publish","type":"post","link":"https:\/\/blogit.utu.fi\/tseopintotoimisto\/2021\/01\/21\/uutiskirje-1-2021\/","title":{"rendered":"Uutiskirje 1\/2021"},"content":{"rendered":"\n<p><strong>Tammikuun uutiskirjeen aiheita ovat<\/strong><\/p>\n\n\n\n<ol class=\"wp-block-list\"><li><strong>Tutorhaku alkaa helmikuussa<\/strong><\/li><li><strong>Kev\u00e4\u00e4n erikoistumissuuntavalinnat<\/strong><\/li><li><strong>Siirtym\u00e4aika KTK-ohjelmiin p\u00e4\u00e4ttyy 1.2.2021<\/strong><\/li><li><strong>Tule meille harjoittelijaksi!<\/strong><\/li><li><strong>Muuta ajankohtaista<\/strong><\/li><\/ol>\n\n\n\n<figure class=\"wp-block-image size-large is-style-default\"><img loading=\"lazy\" decoding=\"async\" width=\"2560\" height=\"1441\" src=\"https:\/\/blogit.utu.fi\/tseopintotoimisto\/wp-content\/uploads\/sites\/152\/2021\/01\/alex-k0SwnevO_wk-unsplash-edited-scaled.jpg\" alt=\"\" class=\"wp-image-4836\" srcset=\"https:\/\/blogit.utu.fi\/tseopintotoimisto\/wp-content\/uploads\/sites\/152\/2021\/01\/alex-k0SwnevO_wk-unsplash-edited-scaled.jpg 2560w, https:\/\/blogit.utu.fi\/tseopintotoimisto\/wp-content\/uploads\/sites\/152\/2021\/01\/alex-k0SwnevO_wk-unsplash-edited-300x169.jpg 300w, https:\/\/blogit.utu.fi\/tseopintotoimisto\/wp-content\/uploads\/sites\/152\/2021\/01\/alex-k0SwnevO_wk-unsplash-edited-1024x576.jpg 1024w, https:\/\/blogit.utu.fi\/tseopintotoimisto\/wp-content\/uploads\/sites\/152\/2021\/01\/alex-k0SwnevO_wk-unsplash-edited-768x432.jpg 768w, https:\/\/blogit.utu.fi\/tseopintotoimisto\/wp-content\/uploads\/sites\/152\/2021\/01\/alex-k0SwnevO_wk-unsplash-edited-1536x865.jpg 1536w, https:\/\/blogit.utu.fi\/tseopintotoimisto\/wp-content\/uploads\/sites\/152\/2021\/01\/alex-k0SwnevO_wk-unsplash-edited-2048x1153.jpg 2048w\" sizes=\"auto, (max-width: 2560px) 100vw, 2560px\" \/><\/figure>\n\n\n\n<h2 class=\"wp-block-heading\">1. Tutorhaku alkaa helmikuussa<\/h2>\n\n\n\n<p>Haemme tutoreita vuosikurssille 2021! Turun kampuksella opiskelijat voivat tutoroida yksin tai parin kanssa, eik\u00e4 paria tarvitse olla valmiina hakuvaihessa. Jos haluat tutoroida parin kanssa ja tulet valituksi, voimme etsi\u00e4 sinulle tutorparin hakijoiden joukosta.<\/p>\n\n\n\n<p>HUOM: Tutorina toimimisesta on mahdollista saada opintopisteet ja palkkio kahdesti. Toiminta painottuu elo-syyskuulle 2021.<\/p>\n\n\n\n<h6 class=\"wp-block-heading\">Tarvitsemme tutoreita seuraaville opiskelijajoukoille:<\/h6>\n\n\n\n<ul class=\"wp-block-list\"><li>kandiopintojaan aloittaville KTK-\/KTM- sek\u00e4 VTK-\/VTM-opiskelijoille, <\/li><li>suomenkielisiin maisteriohjelmiin valituille opiskelijoille, <\/li><li>englanninkielisiin maisteriohjelmiin valituille opiskelijoille,<\/li><li>sek\u00e4 tietysti vaihto-opiskelijoille.<\/li><\/ul>\n\n\n\n<h6 class=\"wp-block-heading\">Turussa\u2026<\/h6>\n\n\n\n<ul class=\"wp-block-list\"><li><a href=\"https:\/\/intranet.utu.fi\/fi\/yksikot\/tse\/studying\/opintojen-ohjaus\/opiskelijatuutorointi\/Sivut\/default.aspx\">Tutoroinnin alustava aikataulu<\/a> l\u00f6ytyy Turun osalta jo intrasta. Aikataulut, kuten tutorkoulutusten ajankohdat, t\u00e4smentyv\u00e4t tammikuun aikana.<\/li><li>Intrasta l\u00f6yd\u00e4t my\u00f6s <a href=\"https:\/\/intranet.utu.fi\/fi\/yksikot\/tse\/studying\/opintojen-ohjaus\/opiskelijatuutorointi\/Sivut\/default.aspx\">yleisi\u00e4 tutorvalintaan liittyvi\u00e4 valintaperusteita<\/a>.<\/li><li><a href=\"https:\/\/intranet.utu.fi\/fi\/sivustot\/tuutoriksi\">T\u00e4yt\u00e4 hakemus Webropolissa<\/a> helmikuun loppuun menness\u00e4 ja j\u00e4\u00e4 odottamaan haastattelukutsua. Webropol avautuu helmikuun alussa, ja hakuaika on 1.-28.2.2021.<\/li><\/ul>\n\n\n\n<h6 class=\"wp-block-heading\">Porissa\u2026<\/h6>\n\n\n\n<ul class=\"wp-block-list\"><li>UCPorin tutorhaku poikkeaa TY:n tutoraikatauluista niin, ett\u00e4 haku j\u00e4rjestet\u00e4\u00e4n vasta maaliskuun alussa.<\/li><li>Tutoroinnin kokonaisuudessaan j\u00e4rjest\u00e4v\u00e4t opiskelijayhdistykset Pointer ja PorKy. Tarkemmat tiedot saat osoitteesta <a href=\"http:\/\/www.pointerry.fi\/\">http:\/\/www.pointerry.fi\/<\/a><\/li><\/ul>\n\n\n\n<h2 class=\"wp-block-heading\">2. Kev\u00e4\u00e4n erikoistumissuuntavalinnat<\/h2>\n\n\n\n<p>Huomio, 1. vsk:n KTK-opiskelija! Jollet ole valinnut erikoistumissuuntaa (p\u00e4\u00e4ainetta) jo syksyn aikana, teet valinnan nyt kev\u00e4\u00e4ll\u00e4. <\/p>\n\n\n\n<h6 class=\"wp-block-heading\">Turun opiskelijat<\/h6>\n\n\n\n<p>Tarkista <a href=\"https:\/\/mail.utu.fi\" target=\"_blank\" rel=\"noreferrer noopener\">UTU-s\u00e4hk\u00f6postistasi<\/a> erikoistumissuunta valinnan ohjeet ja aikataulu, osallistu hops-infoon 28.1. Zoomissa ja toimita hops ohjeiden mukaisesti 14.2. menness\u00e4. Ohjeet ja linkit l\u00f6yd\u00e4t my\u00f6s <a rel=\"noreferrer noopener\" href=\"https:\/\/moodle.utu.fi\/course\/view.php?id=18724\" target=\"_blank\">perehdytys-Moodlesta<\/a>.<\/p>\n\n\n\n<h6 class=\"wp-block-heading\">Porin opiskelijat<\/h6>\n\n\n\n<p>Saat ohjeet ja aikataulun UTU-s\u00e4hk\u00f6postiisi helmikuun alussa. Osallistu erikoistumissuunta-infoon 12.2. ja hops-infoon 4. periodissa, jonka j\u00e4lkeen laadit oman hopsisi valitun erikoistumissuunnan vaatimusten mukaisesti.<\/p>\n\n\n\n<h6 class=\"wp-block-heading\">Puuttuuko erikoistumissuunta &#8211; vsk. 2019 tai vanhempi?<\/h6>\n\n\n\n<p>Jos olet vsk. 2019 ja erikoistumissuunta j\u00e4i valitsematta viime vuonna, olet saanut meilt\u00e4 UTU-s\u00e4hk\u00f6postiisi automaattisesti pyynn\u00f6n osallistua erikoistumissuuntavalintaan sek\u00e4 ohjeet.<\/p>\n\n\n\n<p>Jos olet vsk. 2018 tai vanhempaa vuosikurssia ja erikoistumissuunta puuttuu, <a href=\"https:\/\/intranet.utu.fi\/fi\/yksikot\/tse\/studying\/opintojensuunnittelu\/paaaineentaierikoistumissuunnanvaihtaminen\/erikoistumissuunnan-vaihto\/Sivut\/default.aspx\" target=\"_blank\" rel=\"noreferrer noopener\">tutustu erikoistumissuunnanvaihto-ohjeeseen<\/a> ja toimi sen mukaisesti.<\/p>\n\n\n\n<h2 class=\"wp-block-heading\">3. Siirtym\u00e4aika KTK-ohjelmiin p\u00e4\u00e4ttyy 1.2.2021<\/h2>\n\n\n\n<p>Jos olet vsk. 2015 tai varhaisempaa vuosikurssia ja KTK-tutkintosi on kesken, siirryt helmikuun alussa seuraamaan <a href=\"https:\/\/opas.peppi.utu.fi\/fi\/perustutkintokoulutus\/turun-kauppakorkeakoulu\/14002\/13356?period=2020-2022\" target=\"_blank\" rel=\"noreferrer noopener\">uusimman voimassa olevan opinto-oppaan KTK-tutkintovaatimuksia<\/a>.<\/p>\n\n\n\n<h6 class=\"wp-block-heading\">Huomioitavaa vanhoista ktk-sivuainekokonaisuuksista:<\/h6>\n\n\n\n<ul class=\"wp-block-list\"><li><strong>Onko KTK-sivuainekokonaisuus valmis, mutta kokonaisuusmerkint\u00e4 puuttuu? Hae sivuaineen kokonaisuusmerkint\u00e4 ennen siirtym\u00e4ajan p\u00e4\u00e4ttymist\u00e4 1.2.,<\/strong> jotta saat sivuaineen y-kurssin osaksi sivuainetta! <\/li><li>Kun pyyd\u00e4t kokonaisuusmerkinn\u00e4n tammikuun aikana, voit sis\u00e4llytt\u00e4\u00e4 sivuaineen y-kurssin sivuainekokonaisuuteen, vaikka siirrytkin KTK-ohjelmaan.<\/li><li>Siirtym\u00e4ajan p\u00e4\u00e4tytty\u00e4 1.2. alkaen kaikki nykyisin vaadittavat y-kurssit sis\u00e4ltyv\u00e4t y-kurssien kokonaisuuteen. Huolehdi, ett\u00e4 sivuaineen laajuus 25 op t\u00e4yttyy ilman y-kurssia.<\/li><li><a rel=\"noreferrer noopener\" href=\"https:\/\/intranet.utu.fi\/fi\/yksikot\/tse\/studying\/valmistuminen_\/kokonaisuusmerkinnat\/Sivut\/default.aspx\" target=\"_blank\">Ohjeet kokonaisuusmerkinn\u00e4n hakemisesta intrassa<\/a>.<\/li><\/ul>\n\n\n\n<p>Jos siirtyminen KTK-ohjelmaan koskee sinua, saat UTU-s\u00e4hk\u00f6postiisi tarkemmat ohjeet opintojen suunnittelua ja ohjausajanvarausta varten. <\/p>\n\n\n\n<h2 class=\"wp-block-heading\">4. Tule meille harjoittelijaksi!<\/h2>\n\n\n\n<p>TSE-opintotoimistoissa Turussa ja Porissa on tarjolla t\u00e4n\u00e4kin vuonna kaksi korkeakouluharjoittelijan teht\u00e4v\u00e4\u00e4. Meill\u00e4 on iloinen ja avoin ty\u00f6yhteis\u00f6, tervetuloa mukaan. Teht\u00e4v\u00e4 sopii hyvin my\u00f6s opintojen oheen.<\/p>\n\n\n\n<ul class=\"wp-block-list\"><li>Kurkkaa <a rel=\"noreferrer noopener\" href=\"https:\/\/www.instagram.com\/p\/CKdriE0FvLr\/?utm_source=ig_web_copy_link\" target=\"_blank\">mit\u00e4 meid\u00e4n viime kes\u00e4n harkkari kirjoitti Instagramissa<\/a> harjoittelusta et\u00e4n\u00e4.<\/li><li>Lue blogista taannoinen harkkareiden haastattelu: <a href=\"https:\/\/blogit.utu.fi\/tseopintotoimisto\/2019\/02\/14\/we-3-interns\/\">We &lt;3 Interns!<\/a><\/li><li>Sek\u00e4 Turun ett\u00e4 Porin <a rel=\"noreferrer noopener\" href=\"https:\/\/intranet.utu.fi\/fi\/ajankohtaista\/avoimet_tehtavat\" target=\"_blank\">hakuilmoitukset ovat intrassa<\/a>. (Ilmoituksen selaaminen ja hakemuksen t\u00e4ytt\u00e4minen vaativat vpn-yhteyden UTU-verkkoon tai yliopiston verkkoon kirjautumisen.)<\/li><li><strong>T\u00e4yt\u00e4 s\u00e4hk\u00f6inen hakemus 8.2. menness\u00e4<\/strong>!<\/li><\/ul>\n\n\n\n<h2 class=\"wp-block-heading\">5. Muuta ajankohtaista<\/h2>\n\n\n\n<h6 class=\"wp-block-heading\">Uutta Kelassa<\/h6>\n\n\n\n<ul class=\"wp-block-list\"><li>Korkeakouluopiskelijan opiskeluterveydenhuolto muuttui. Jatkossa suoritat YTHS-maksun suoraan Kelan palvelussa. Muista maksaa maksu viim. 31.1. kev\u00e4tlukukauden osalta! <\/li><li>Korkeakouluopiskelijoiden ateriatuki nousee.<\/li><li>Lis\u00e4ksi mm. opintolainahyvitykseen ja -v\u00e4hennykseen tulee koronan takia v\u00e4liaikaisia muutoksia.<\/li><\/ul>\n\n\n\n<p>&gt;&gt;<a rel=\"noreferrer noopener\" href=\"https:\/\/tiedotteet.kela.fi\/go\/1388510-459424-71668330\" target=\"_blank\">Tutustu tarkemmin Kelan tiedotteeseen verkossa.<\/a><\/p>\n\n\n\n<h6 class=\"wp-block-heading\">YTHS:n lounas-webinaarit<\/h6>\n\n\n\n<p>Laita kalenteriin YTHS:n helmikuinen webinaarisarja <em><a rel=\"noreferrer noopener\" href=\"http:\/\/bit.ly\/3sGyGJJ\" target=\"_blank\">Selviytymisvinkit Et\u00e4arkeen<\/a><\/em>. Zoom-tapaamiset tiistaisin klo 11.30-12 ja aiheina:<\/p>\n\n\n\n<ul class=\"wp-block-list\"><li>2.2. Rytmi\u00e4 et\u00e4arkeen<\/li><li>9.2. Sosiaaliset suhteet ja yksin\u00e4isyys<\/li><li>16.2. Itsens\u00e4 johtaminen<\/li><\/ul>\n\n\n\n<h6 class=\"wp-block-heading\">Uutta yliopistolla<\/h6>\n\n\n\n<p>Luonnontieteiden ja tekniikan tiedekunta on jakautunut matemaattis-luonnontieteelliseksi tiedekunnaksi ja tekniikan tiedekunnaksi. Jos mm. suoritat entisess\u00e4 LuTessa sivuainetta, tarkista kumpaan tiedekuntaan sivuaineesi kuuluu sek\u00e4 tutustu mahdollisiin opintoihin liittyviin muutoksiin.<\/p>\n\n\n\n<p><a href=\"https:\/\/intranet.utu.fi\/fi\/ajankohtaista\/uutiset\/Sivut\/Luonnontieteiden-ja-tekniikan-tiedekunta-jakautuu-matemaattis-luonnontieteelliseksi-ja-teknilliseksi-tiedekunnaksi-1.1.2021.aspx\" target=\"_blank\" rel=\"noreferrer noopener\">&gt;&gt; Tutustu tarkemmin muutokseen intrassa<\/a>.<\/p>\n\n\n\n<h6 class=\"wp-block-heading\">Anna palautetta! <\/h6>\n\n\n\n<p><strong>Valmistuva KTM!<\/strong> Muista antaa palautteesi vastaamalla Ekonomien palautekyselyyn valmistumisen yhteydess\u00e4! <\/p>\n\n\n\n<p>Kaikki kandiopiskelijat vastaavat kandipalautekyselyyn valmistumisen yhteydess\u00e4. Muista my\u00f6s antaa palautetta yksitt\u00e4isist\u00e4 opintojaksoista: Saat kurssin p\u00e4\u00e4ttyess\u00e4 opettajalta Webropol-linkit palautteen antamista varten. Kiitos!<\/p>\n\n\n\n<h6 class=\"wp-block-heading\">Kurssi-uutisia<\/h6>\n\n\n\n<p><strong>SV1-kurssin erillist\u00e4 j\u00e4nnitt\u00e4j\u00e4ryhm\u00e4\u00e4<\/strong> ei j\u00e4rjestet\u00e4 lukuvuonna 2020 &#8211; 2021. Sovellettu toteutus on tarjolla <a rel=\"noreferrer noopener\" href=\"https:\/\/www.utu.fi\/fi\/ihmiset\/riitta-koskimies\" target=\"_blank\">Riitta Koskimiehen<\/a> et\u00e4ryhmiss\u00e4 (ota yhteys opettajaan). Seuraava j\u00e4nnitt\u00e4j\u00e4ryhm\u00e4 j\u00e4rjestet\u00e4\u00e4n, kun l\u00e4hiopetus on mahdollista.<\/p>\n\n\n\n<p><strong><a rel=\"noreferrer noopener\" href=\"https:\/\/opas.peppi.utu.fi\/fi\/opintojakso\/YH000042\/21625?period=2020-2022\" target=\"_blank\">Kest\u00e4vyys.nyt (5 op)<\/a><\/strong> on peruskurssi kaikille kest\u00e4v\u00e4st\u00e4 kehityksest\u00e4 ja ilmastonmuutoksesta kiinnostuneille Turun Kauppakorkeakoulun, matemaattis-luonnontieteellisen tiedekunnan sek\u00e4 yhteiskuntatieteellisen tiedekunnan opiskelijoille. Kurssi j\u00e4rjestet\u00e4\u00e4n 17.3.-19.5.2021 et\u00e4opetuksena, ja ilmoittautuminen tapahtuu poikkeuksellisesti jo 1.-21.2.! <a rel=\"noreferrer noopener\" href=\"https:\/\/www.utu.fi\/fi\/ihmiset\/sanna-ahvenharju\" target=\"_blank\">Lis\u00e4tiedot opettajalta<\/a>.<\/p>\n\n\n\n<p>&gt;&gt; <a rel=\"noreferrer noopener\" href=\"https:\/\/youtu.be\/kUmvSODCmvc\" target=\"_blank\">Tutustu kurssin YouTube-traileriin<\/a>.<\/p>\n\n\n\n<p>Ekonomien j\u00e4rjest\u00e4m\u00e4 ty\u00f6el\u00e4m\u00e4kurssi on nyt nimelt\u00e4\u00e4n <strong><a rel=\"noreferrer noopener\" href=\"https:\/\/opas.peppi.utu.fi\/fi\/opintojakso\/MU509002\/1613?period=2020-2022\" target=\"_blank\">Asiantuntijan ja esihenkil\u00f6n ty\u00f6el\u00e4m\u00e4taidot (2 op)<\/a><\/strong>. Kurssi pidet\u00e4\u00e4n t\u00e4n\u00e4 kev\u00e4\u00e4n\u00e4 helmikuussa verkko-opetuksena. <a rel=\"noreferrer noopener\" href=\"https:\/\/nettiopsu.utu.fi\/course\/registration\/902946\/new?fi\" target=\"_blank\">Ilmoittaudu 3.2. menness\u00e4 NettiOpsussa<\/a>!<\/p>\n\n\n\n<h6 class=\"wp-block-heading\">Yliopistopappien kev\u00e4t 2021<\/h6>\n\n\n\n<ul class=\"wp-block-list\"><li><a rel=\"noreferrer noopener\" href=\"https:\/\/www.facebook.com\/events\/218203003189810\" target=\"_blank\">Keskusteluiltap\u00e4iv\u00e4t<\/a> sek\u00e4 <a rel=\"noreferrer noopener\" href=\"https:\/\/www.facebook.com\/events\/314377976580631\/\" target=\"_blank\">muuta maksutonta keskusteluapua<\/a><\/li><li><a rel=\"noreferrer noopener\" href=\"https:\/\/www.facebook.com\/events\/2607555542868046\/\" target=\"_blank\">Opiskelijoiden sururyhm\u00e4<\/a><\/li><li><a href=\"https:\/\/www.facebook.com\/events\/153692846528087\/\">Sateenkaari-illat Kampuskappelilla<\/a><\/li><li>&#8230;ja muita tilaisuuksia. Toiminta on avointa kaikille vakaumuksista riippumatta.<\/li><\/ul>\n\n\n\n<p>&gt;&gt; <a rel=\"noreferrer noopener\" href=\"https:\/\/www.turunseurakunnat.fi\/apua-ja-tukea\/oppilaitospapit\" target=\"_blank\">Kysy tarkemmin ja ota yhteys yliopistopappeihin<\/a> <\/p>\n\n\n\n<p class=\"has-text-align-right\">Opintotoimiston v\u00e4ki<\/p>\n\n\n\n<p><em>In English: Attention please! TSE is looking for <\/em><a href=\"https:\/\/intranet.utu.fi\/index\/student%20tutors\/Pages\/default.aspx\"><em>student tutors<\/em><\/a><em> for the class of 2021! The application period is Feb 1-28. If you are a degree student but haven&#8217;t yet payed <a rel=\"noreferrer noopener\" href=\"https:\/\/tiedotteet.kela.fi\/go\/1388510-459424-71668330\" target=\"_blank\">the Student Health Care fee to Kela<\/a>, please remember to make the payment by Jan 31. Also, the meal subsidy is increased, and there are some temporary changes to student loan compensations due to the pandemia situation. Check the link above for more info. FYI: <a href=\"https:\/\/intranet.utu.fi\/en\/news\/news\/Pages\/The-Faculty-of-Science-and-Engineering-will-divide-into-the-Faculty-of-Science-and-the-Faculty-of-Technology-on-1-Jan-2021.aspx\" target=\"_blank\" rel=\"noreferrer noopener\">The Faculty of Science and Engineering has been divided<\/a> into the Faculty of Science and the Faculty of Technology. Finally, those of you completing the M.Sc. degree at TSE, please remember to give feedback upon graduation to the The Finnish Business School Graduates&#8217; feedback form. You will receive the link by email, once you have sent in your diploma application.<\/em><\/p>\n","protected":false},"excerpt":{"rendered":"<p>Tammikuun uutiskirjeen aiheita ovat Tutorhaku alkaa helmikuussa Kev\u00e4\u00e4n erikoistumissuuntavalinnat Siirtym\u00e4aika KTK-ohjelmiin p\u00e4\u00e4ttyy 1.2.2021 Tule meille harjoittelijaksi! Muuta ajankohtaista 1. Tutorhaku alkaa helmikuussa Haemme tutoreita vuosikurssille 2021! Turun kampuksella opiskelijat voivat tutoroida yksin tai parin kanssa, eik\u00e4 paria tarvitse olla valmiina hakuvaihessa. Jos haluat tutoroida parin kanssa ja tulet valituksi, voimme etsi\u00e4 sinulle tutorparin hakijoiden joukosta. &hellip; <a href=\"https:\/\/blogit.utu.fi\/tseopintotoimisto\/2021\/01\/21\/uutiskirje-1-2021\/\" class=\"more-link\">Jatka artikkeliin <span class=\"screen-reader-text\">Uutiskirje 1\/2021<\/span><\/a><\/p>\n","protected":false},"author":6179,"featured_media":0,"comment_status":"open","ping_status":"closed","sticky":false,"template":"","format":"standard","meta":{"footnotes":""},"categories":[4],"tags":[161,137,171,101,128,54,95,125,87,140],"class_list":["post-4578","post","type-post","status-publish","format-standard","hentry","category-uutiskirje","tag-erikoistumissuunnat","tag-opintojen-rahoittaminen","tag-opiskelun-tuki","tag-palaute","tag-rekry","tag-sivuaineet","tag-tutkinnonuudistus","tag-tutortoiminta","tag-tyoharjoittelu","tag-uraohjaus"],"_links":{"self":[{"href":"https:\/\/blogit.utu.fi\/tseopintotoimisto\/wp-json\/wp\/v2\/posts\/4578","targetHints":{"allow":["GET"]}}],"collection":[{"href":"https:\/\/blogit.utu.fi\/tseopintotoimisto\/wp-json\/wp\/v2\/posts"}],"about":[{"href":"https:\/\/blogit.utu.fi\/tseopintotoimisto\/wp-json\/wp\/v2\/types\/post"}],"author":[{"embeddable":true,"href":"https:\/\/blogit.utu.fi\/tseopintotoimisto\/wp-json\/wp\/v2\/users\/6179"}],"replies":[{"embeddable":true,"href":"https:\/\/blogit.utu.fi\/tseopintotoimisto\/wp-json\/wp\/v2\/comments?post=4578"}],"version-history":[{"count":44,"href":"https:\/\/blogit.utu.fi\/tseopintotoimisto\/wp-json\/wp\/v2\/posts\/4578\/revisions"}],"predecessor-version":[{"id":4974,"href":"https:\/\/blogit.utu.fi\/tseopintotoimisto\/wp-json\/wp\/v2\/posts\/4578\/revisions\/4974"}],"wp:attachment":[{"href":"https:\/\/blogit.utu.fi\/tseopintotoimisto\/wp-json\/wp\/v2\/media?parent=4578"}],"wp:term":[{"taxonomy":"category","embeddable":true,"href":"https:\/\/blogit.utu.fi\/tseopintotoimisto\/wp-json\/wp\/v2\/categories?post=4578"},{"taxonomy":"post_tag","embeddable":true,"href":"https:\/\/blogit.utu.fi\/tseopintotoimisto\/wp-json\/wp\/v2\/tags?post=4578"}],"curies":[{"name":"wp","href":"https:\/\/api.w.org\/{rel}","templated":true}]}}