{"id":606,"date":"2026-04-29T09:00:00","date_gmt":"2026-04-29T06:00:00","guid":{"rendered":"https:\/\/blogit.utu.fi\/turku800\/?p=606"},"modified":"2026-04-28T20:49:06","modified_gmt":"2026-04-28T17:49:06","slug":"paljaista-kallioista-lehteviksi-puistoiksi","status":"publish","type":"post","link":"https:\/\/blogit.utu.fi\/turku800\/2026\/04\/29\/paljaista-kallioista-lehteviksi-puistoiksi\/","title":{"rendered":"Paljaista kallioista lehteviksi puistoiksi"},"content":{"rendered":"\n<p>Kulttuurimaisema on muuttunut sadassa vuodessa huimasti. Jos meid\u00e4t pudotettaisiin esimerkiksi meille tuttuun kyl\u00e4maisemaan tai teollisuuskompleksiin vuonna 1900, kest\u00e4isi tovin jos toisenkin, ennen kuin tunnistaisimme paikan. T\u00e4ss\u00e4 tekstiss\u00e4 ei k\u00e4sitell\u00e4 muuttunutta rakennuskantaa, vaan puustoa, joka on vallannut entisen avoimen maiseman.<\/p>\n\n\n\n<p><strong>L\u00e4hdet\u00e4\u00e4np\u00e4 lenkille<\/strong><\/p>\n\n\n<div class=\"wp-block-image\">\n<figure class=\"alignleft size-large\"><img loading=\"lazy\" decoding=\"async\" width=\"1024\" height=\"736\" src=\"https:\/\/blogit.utu.fi\/turku800\/wp-content\/uploads\/sites\/721\/2026\/04\/Toropainen_Paljaista-kallioista-lehteviksi-puistoiksi-1-1024x736.jpg\" alt=\"\" class=\"wp-image-607\" srcset=\"https:\/\/blogit.utu.fi\/turku800\/wp-content\/uploads\/sites\/721\/2026\/04\/Toropainen_Paljaista-kallioista-lehteviksi-puistoiksi-1-1024x736.jpg 1024w, https:\/\/blogit.utu.fi\/turku800\/wp-content\/uploads\/sites\/721\/2026\/04\/Toropainen_Paljaista-kallioista-lehteviksi-puistoiksi-1-300x216.jpg 300w, https:\/\/blogit.utu.fi\/turku800\/wp-content\/uploads\/sites\/721\/2026\/04\/Toropainen_Paljaista-kallioista-lehteviksi-puistoiksi-1-768x552.jpg 768w, https:\/\/blogit.utu.fi\/turku800\/wp-content\/uploads\/sites\/721\/2026\/04\/Toropainen_Paljaista-kallioista-lehteviksi-puistoiksi-1.jpg 1200w\" sizes=\"auto, (max-width: 1024px) 100vw, 1024px\" \/><figcaption class=\"wp-element-caption\">Kuralan Ristim\u00e4en koulun ymp\u00e4rill\u00e4 oli runsaat sata vuotta sitten avaruutta. Museovirasto.<\/figcaption><\/figure><\/div>\n\n\n<p>K\u00e4velemme lenkill\u00e4 Ristim\u00e4en koulun ja Kuralan kyl\u00e4m\u00e4en ohi. Sata vuotta sitten Kurala oli paljas m\u00e4ki, jolle oli sijoitettu kyl\u00e4tontti. Puutarhainnostus ei ollut viel\u00e4 saanut sit\u00e4 laajuutta, jonka se saavutti itsen\u00e4istyneess\u00e4 Suomessa Marttojen toiminnan my\u00f6t\u00e4. Vuosisataiseen tapaan kyl\u00e4t sijaitsivat viel\u00e4 usein kallioisilla viljelykseen kelpaamattomilla m\u00e4ill\u00e4. Kallionyppyl\u00f6iden v\u00e4liss\u00e4 oli painanteita, joihin oli tuotu maata, mik\u00e4li niiss\u00e4 ei jo ollut sellaista luonnostaan. Niiss\u00e4 viljeltiin hy\u00f6tykasveja kuten kaalia, pellavaa ja kessua. Kyl\u00e4tontilla saattoi kasvaa joku harva puu, mutta suurin osa kasvillisuudesta katosi karjan suuhun. Loput hein\u00e4t korjattiin talvirehuksi.<\/p>\n\n\n\n<p>Ristim\u00e4ki Aurajoen rannalla kuuluu Kuralan kyl\u00e4\u00e4n ja sille valmistui koulu vuonna 1913. Valokuvista n\u00e4kyy, ett\u00e4 koulu rakennettiin joesta nousevalle puustosta paljaalle m\u00e4elle. N\u00e4kym\u00e4t joka suuntaan ovat olleet komeat. Paikalla sijaitsi 1700-luvun kartan mukaan niittyj\u00e4 ja karjanlaidunta sek\u00e4 aiemmin my\u00f6s tuulimylly. Paikka oli muuten puustosta vapaa, mutta aivan jyrkimm\u00e4ll\u00e4 rantakalliolla kasvoi puustoa kuten nyky\u00e4\u00e4nkin. Opettaja Edvin Laaksonen istutti paikalle puutarhan, johon tuli jaloja lehtipuita. Kun m\u00e4elle on sittemmin rakennettu lis\u00e4\u00e4, ei edes koulua itse\u00e4\u00e4n n\u00e4e en\u00e4\u00e4 H\u00e4meentielt\u00e4 puutarhojen l\u00e4pi.<\/p>\n\n\n\n<p><strong>Halisten koski ja kyl\u00e4<\/strong><\/p>\n\n\n<div class=\"wp-block-image\">\n<figure class=\"alignleft size-large\"><img loading=\"lazy\" decoding=\"async\" width=\"1024\" height=\"748\" src=\"https:\/\/blogit.utu.fi\/turku800\/wp-content\/uploads\/sites\/721\/2026\/04\/Toropainen_Paljaista-kallioista-lehteviksi-puistoiksi-2-1024x748.jpg\" alt=\"\" class=\"wp-image-608\" srcset=\"https:\/\/blogit.utu.fi\/turku800\/wp-content\/uploads\/sites\/721\/2026\/04\/Toropainen_Paljaista-kallioista-lehteviksi-puistoiksi-2-1024x748.jpg 1024w, https:\/\/blogit.utu.fi\/turku800\/wp-content\/uploads\/sites\/721\/2026\/04\/Toropainen_Paljaista-kallioista-lehteviksi-puistoiksi-2-300x219.jpg 300w, https:\/\/blogit.utu.fi\/turku800\/wp-content\/uploads\/sites\/721\/2026\/04\/Toropainen_Paljaista-kallioista-lehteviksi-puistoiksi-2-768x561.jpg 768w, https:\/\/blogit.utu.fi\/turku800\/wp-content\/uploads\/sites\/721\/2026\/04\/Toropainen_Paljaista-kallioista-lehteviksi-puistoiksi-2-1536x1122.jpg 1536w, https:\/\/blogit.utu.fi\/turku800\/wp-content\/uploads\/sites\/721\/2026\/04\/Toropainen_Paljaista-kallioista-lehteviksi-puistoiksi-2-2048x1496.jpg 2048w\" sizes=\"auto, (max-width: 1024px) 100vw, 1024px\" \/><figcaption class=\"wp-element-caption\">Halistenkoskella 1907. Taustalla Halisten kyl\u00e4. Viktor H. Auer 1907, Turun kaupunginmuseo.<\/figcaption><\/figure><\/div>\n\n\n<p>Vuonna 1907 Halistenkoskella toimi vire\u00e4 teollisuusyhteis\u00f6. Maarian puolella sijaitsi suuri mylly, jossa jauhettiin viljaa sek\u00e4 ihmisten ett\u00e4 karjan ravinnoksi. Kaarinan puolella sijaitsivat lannoitetta tuottava luujauhomylly, saha, puusep\u00e4ntehdas ja v\u00e4rijauhetehdas asuin- ja huoltorakennuksineen. T\u00e4\u00e4ll\u00e4k\u00e4\u00e4n puustolle ei ollut sijaa. Myll\u00e4rintupiin kuuluivat pienet peltokappaleet, ja niill\u00e4 viljeltiin hy\u00f6tykasveja. 1907 otetusta valokuvasta n\u00e4kyy, ett\u00e4 tilanne oli sama my\u00f6s Halisten kyl\u00e4m\u00e4ell\u00e4.<\/p>\n\n\n\n<p>Halisten vanhalta sillalta oli sata vuotta sitten esteet\u00f6n n\u00e4kym\u00e4 sek\u00e4 kosken ett\u00e4 kyl\u00e4n rakennuksiin. Kasvillisuutta sy\u00f6nyt karja on h\u00e4vitetty ja maatilojen ymp\u00e4rille istutettu puutarhoja. Kosken alue on maisemoitu virkistysk\u00e4ytt\u00f6\u00f6n. Alue on malliesimerkki siit\u00e4, miten ihmisen muokkaama maisema muuttuu nopeasti, kun sen k\u00e4ytt\u00f6tarkoitus vaihtuu toiseen. Halistenkoskelta on s\u00e4ilynyt runsaasti valokuvia, joista on mahdollista tarkastella t\u00e4m\u00e4n muutoksen vaiheita. Niit\u00e4 voi etsi\u00e4 osoitteessa Finna.fi, jonne on koottu mm. museoiden ja kirjastojen kokoelmia kaikkien k\u00e4ytt\u00f6\u00f6n.<\/p>\n\n\n\n<p><strong>J\u00e4lleen kotikadulla<\/strong><\/p>\n\n\n<div class=\"wp-block-image\">\n<figure class=\"alignleft size-large is-resized\"><img loading=\"lazy\" decoding=\"async\" width=\"1024\" height=\"718\" src=\"https:\/\/blogit.utu.fi\/turku800\/wp-content\/uploads\/sites\/721\/2026\/04\/Toropainen_Paljaista-kallioista-lehteviksi-puistoiksi-3-1024x718.jpg\" alt=\"\" class=\"wp-image-609\" style=\"width:488px;height:auto\" srcset=\"https:\/\/blogit.utu.fi\/turku800\/wp-content\/uploads\/sites\/721\/2026\/04\/Toropainen_Paljaista-kallioista-lehteviksi-puistoiksi-3-1024x718.jpg 1024w, https:\/\/blogit.utu.fi\/turku800\/wp-content\/uploads\/sites\/721\/2026\/04\/Toropainen_Paljaista-kallioista-lehteviksi-puistoiksi-3-300x210.jpg 300w, https:\/\/blogit.utu.fi\/turku800\/wp-content\/uploads\/sites\/721\/2026\/04\/Toropainen_Paljaista-kallioista-lehteviksi-puistoiksi-3-768x539.jpg 768w, https:\/\/blogit.utu.fi\/turku800\/wp-content\/uploads\/sites\/721\/2026\/04\/Toropainen_Paljaista-kallioista-lehteviksi-puistoiksi-3.jpg 1473w\" sizes=\"auto, (max-width: 1024px) 100vw, 1024px\" \/><figcaption class=\"wp-element-caption\">Hannunniitun uusia taloja m\u00e4nnik\u00f6ss\u00e4 1964. Juhani Klemin kokoelma.<\/figcaption><\/figure><\/div>\n\n\n<p>Orapihlaja-aita pit\u00e4isi leikata. Mutta mit\u00e4 ihmett\u00e4! Eih\u00e4n aidasta olekaan kuin puolet orapihlajaa. Talon valmistuessa sen pihaan m\u00e4ntyjen joukkoon istutettiin vaahteroita ja vuorijalavia. Nyt niiden taimet ovat vallanneet aidan, joka uusittiin joitakin vuosia sitten. Talot rakennuttanut pankki mainosti 1960-luvulla julisteessaan uusia asuntoja ja sit\u00e4, ett\u00e4 ne sijaitsivat raikkaassa m\u00e4nnik\u00f6ss\u00e4. Julisteen kuvasta voi p\u00e4\u00e4tell\u00e4 ett\u00e4 n\u00e4in olikin. N\u00e4m\u00e4 pihat ovat saaneet uusia istutuksia l\u00e4hinn\u00e4 jalopuista ja pensaista. Maisema on tukkeutunut t\u00e4\u00e4ll\u00e4kin. Turun asuinalueet ovat muuttuneet lehtipuuvaltaisiksi, sill\u00e4 esimerkiksi m\u00e4ntyj\u00e4 istutetaan en\u00e4\u00e4 vain harvoin. Sadassa vuodessa kulttuurimaiseman puustolle on siis tapahtunut suuri&nbsp; muutos. Lenkill\u00e4 kannattaa katsoa maisemaa my\u00f6s menneisyyden silmin.<\/p>\n\n\n\n<p>Veli Pekka Toropainen<\/p>\n\n\n\n<p><\/p>\n","protected":false},"excerpt":{"rendered":"<p>Kulttuurimaisema on muuttunut sadassa vuodessa huimasti. Jos meid\u00e4t pudotettaisiin esimerkiksi meille tuttuun kyl\u00e4maisemaan tai teollisuuskompleksiin vuonna 1900, kest\u00e4isi tovin jos toisenkin, ennen kuin tunnistaisimme paikan. T\u00e4ss\u00e4 tekstiss\u00e4 ei k\u00e4sitell\u00e4 muuttunutta rakennuskantaa, vaan puustoa, joka on vallannut entisen avoimen maiseman. L\u00e4hdet\u00e4\u00e4np\u00e4 lenkille K\u00e4velemme lenkill\u00e4 Ristim\u00e4en koulun ja Kuralan kyl\u00e4m\u00e4en ohi. Sata vuotta sitten Kurala oli paljas &hellip; <a href=\"https:\/\/blogit.utu.fi\/turku800\/2026\/04\/29\/paljaista-kallioista-lehteviksi-puistoiksi\/\" class=\"more-link\">Jatka lukemista <span class=\"screen-reader-text\">Paljaista kallioista lehteviksi puistoiksi<\/span> <span class=\"meta-nav\">&rarr;<\/span><\/a><\/p>\n","protected":false},"author":29,"featured_media":0,"comment_status":"open","ping_status":"open","sticky":false,"template":"","format":"standard","meta":{"footnotes":""},"categories":[10],"tags":[185,288,287,289],"class_list":["post-606","post","type-post","status-publish","format-standard","hentry","category-1900-luku","tag-halistenkoski","tag-hannunniittu","tag-kurala","tag-ristimaki"],"_links":{"self":[{"href":"https:\/\/blogit.utu.fi\/turku800\/wp-json\/wp\/v2\/posts\/606","targetHints":{"allow":["GET"]}}],"collection":[{"href":"https:\/\/blogit.utu.fi\/turku800\/wp-json\/wp\/v2\/posts"}],"about":[{"href":"https:\/\/blogit.utu.fi\/turku800\/wp-json\/wp\/v2\/types\/post"}],"author":[{"embeddable":true,"href":"https:\/\/blogit.utu.fi\/turku800\/wp-json\/wp\/v2\/users\/29"}],"replies":[{"embeddable":true,"href":"https:\/\/blogit.utu.fi\/turku800\/wp-json\/wp\/v2\/comments?post=606"}],"version-history":[{"count":1,"href":"https:\/\/blogit.utu.fi\/turku800\/wp-json\/wp\/v2\/posts\/606\/revisions"}],"predecessor-version":[{"id":610,"href":"https:\/\/blogit.utu.fi\/turku800\/wp-json\/wp\/v2\/posts\/606\/revisions\/610"}],"wp:attachment":[{"href":"https:\/\/blogit.utu.fi\/turku800\/wp-json\/wp\/v2\/media?parent=606"}],"wp:term":[{"taxonomy":"category","embeddable":true,"href":"https:\/\/blogit.utu.fi\/turku800\/wp-json\/wp\/v2\/categories?post=606"},{"taxonomy":"post_tag","embeddable":true,"href":"https:\/\/blogit.utu.fi\/turku800\/wp-json\/wp\/v2\/tags?post=606"}],"curies":[{"name":"wp","href":"https:\/\/api.w.org\/{rel}","templated":true}]}}