{"id":611,"date":"2026-05-01T09:00:00","date_gmt":"2026-05-01T06:00:00","guid":{"rendered":"https:\/\/blogit.utu.fi\/turku800\/?p=611"},"modified":"2026-04-28T20:58:43","modified_gmt":"2026-04-28T17:58:43","slug":"vivate-karnevalis","status":"publish","type":"post","link":"https:\/\/blogit.utu.fi\/turku800\/2026\/05\/01\/vivate-karnevalis\/","title":{"rendered":"Vivate Karnevalis!"},"content":{"rendered":"\n<p>Suomen talvi- ja jatkosodan aikana tanssien j\u00e4rjest\u00e4minen oli kielletty\u00e4. Sallittuja olivat vain teatteri- ja elokuvan\u00e4yt\u00e4nn\u00f6t, konsertit sek\u00e4 is\u00e4nmaalliset juhlatilaisuudet.&nbsp; Huvittelunhalua s\u00e4\u00e4d\u00f6kset eiv\u00e4t kuitenkaan poistaneet, mutta luvattomista nurkkatansseista tai kotihipoista saatettiin tuomita sakkoja \u2013 jopa vankeutta.&nbsp;<\/p>\n\n\n\n<p>Ei ihme, ett\u00e4 tanssikiellon poistuttua sodan j\u00e4lkeen kaikenlaiset juhlimiset suorastaan ry\u00f6ps\u00e4htiv\u00e4t valloilleen. T\u00e4m\u00e4 n\u00e4kyi vahvasti opiskelijael\u00e4m\u00e4ss\u00e4 Turussa. Vuoden 1945 Turun Ylioppilaslehdiss\u00e4 maakuntakerhojen, ylioppilaskunnan, beaanien, kemistien ym. juhlat ja illanvietot n\u00e4kyv\u00e4t; talvisella retkell\u00e4kin pantiin monotanssiksi.<\/p>\n\n\n\n<p>Mainio esimerkki on ylioppilaskunnan urheilutoiminnasta vastannut Ylioppilaskunnan Urheilijat (TYYU), jonka toiminta elvytettiin helmikuussa 1945. Urheilujaostojen lis\u00e4ksi valittiin ohjelmatoimikunta, k\u00e4yt\u00e4nn\u00f6ss\u00e4 huvitoimikunta. Varojen hankkimiseksi \u2013 ja huvitteluhalun tyydytt\u00e4miseksi \u2013 toimikunta ryhtyi innokkaasti toimeen. Toimikunnan j\u00e4senen, Katarina Pihan arkistossa on s\u00e4ilynyt muutamia k\u00e4sin piirrettyj\u00e4 juhlamainoksia.<\/p>\n\n\n<div class=\"wp-block-image\">\n<figure class=\"alignleft size-full\"><img loading=\"lazy\" decoding=\"async\" width=\"1024\" height=\"414\" src=\"https:\/\/blogit.utu.fi\/turku800\/wp-content\/uploads\/sites\/721\/2026\/04\/Kunttu_VivateKarnevalis_1.jpg\" alt=\"\" class=\"wp-image-612\" srcset=\"https:\/\/blogit.utu.fi\/turku800\/wp-content\/uploads\/sites\/721\/2026\/04\/Kunttu_VivateKarnevalis_1.jpg 1024w, https:\/\/blogit.utu.fi\/turku800\/wp-content\/uploads\/sites\/721\/2026\/04\/Kunttu_VivateKarnevalis_1-300x121.jpg 300w, https:\/\/blogit.utu.fi\/turku800\/wp-content\/uploads\/sites\/721\/2026\/04\/Kunttu_VivateKarnevalis_1-768x311.jpg 768w\" sizes=\"auto, (max-width: 1024px) 100vw, 1024px\" \/><figcaption class=\"wp-element-caption\"><em>Mainos TYYU:n j\u00e4rjest\u00e4miin J\u00e4ttil\u00e4iskarnevaaleihin 17.3. ja pukupalveluilmoitus Naamiaisiin 10.5.1945.<\/em><\/figcaption><\/figure><\/div>\n\n\n<p><em> <\/em><\/p>\n\n\n\n<p>Reilussa viikossa huvitoimikunta polkaisi pystyyn j\u00e4ttil\u00e4iskarnevaalit, joiden valmisteluista Katarina on merkinnyt p\u00e4iv\u00e4kirjaansa juhlap\u00e4iv\u00e4n 17.3. aamuna: \u201dEilen olivat suuret paperihattutalkoot, jossa l\u00e4sn\u00e4 olivat Soke, Iljamo, Exi, Gringo, Tor, Marja\u2026 Vivate Karnevalis!\u201d\u00a0 Ja jatkoi juhlien j\u00e4lkeen aamulla klo 7.10: \u201dOlen ollut jo puoli tuntia kotona. Haa! Melkein 12 tuntia on juhlittu. &#8212; Kansa ryypp\u00e4s ja sammus\u201d.\u00a0<\/p>\n\n\n\n<p>Vapun yleisen juhlinnan j\u00e4lkeen Helatorstaina 10.5. oli naamiaiset, joista Turun Ylioppilaslehti 4\/1945 kertoi: \u201dUrheilijat j\u00e4rjestiv\u00e4t kev\u00e4tkauden hauskimmat juhlat, \u2019mannermaisella tasolla\u2019 olevat naamiaiset, miss\u00e4 kansa ihmeiss\u00e4\u00e4n kyseli, kuka oli salaper\u00e4inen mustalaiskaunotar, jota itse sarvip\u00e4\u00e4 pirukaan tulipunaisessa viitassaan ei saanut kiedotuksi pauloihinsa\u2026\u201d Seuraavan p\u00e4iv\u00e4n \u201dTeekkariottelujen\u201d j\u00e4lkeen oli tietysti juhlat K\u00e5rissa.<\/p>\n\n\n<div class=\"wp-block-image\">\n<figure class=\"alignleft size-full\"><img loading=\"lazy\" decoding=\"async\" width=\"1024\" height=\"641\" src=\"https:\/\/blogit.utu.fi\/turku800\/wp-content\/uploads\/sites\/721\/2026\/04\/Kunttu_VivateKarnevalis_2.jpg\" alt=\"\" class=\"wp-image-613\" srcset=\"https:\/\/blogit.utu.fi\/turku800\/wp-content\/uploads\/sites\/721\/2026\/04\/Kunttu_VivateKarnevalis_2.jpg 1024w, https:\/\/blogit.utu.fi\/turku800\/wp-content\/uploads\/sites\/721\/2026\/04\/Kunttu_VivateKarnevalis_2-300x188.jpg 300w, https:\/\/blogit.utu.fi\/turku800\/wp-content\/uploads\/sites\/721\/2026\/04\/Kunttu_VivateKarnevalis_2-768x481.jpg 768w\" sizes=\"auto, (max-width: 1024px) 100vw, 1024px\" \/><figcaption class=\"wp-element-caption\"><em>Mainos Kes\u00e4yliopistolaisten tutustumistilaisuuteen 30.6. ja Lauantaitansseihin 14.7.1945\u00a0.<\/em><\/figcaption><\/figure><\/div>\n\n\n<p>Turun Kes\u00e4yliopisto aloitti toimintansa 26.6. kuuden vuoden keskeytyksen j\u00e4lkeen entist\u00e4 laajemmin ohjelmin. TYYU oli tilanteen tasalla ja j\u00e4rjesti heti 30.6. Kunnassa tutustumistilaisuuden, \u201djonka ohjelmaa ei voi kyllin kehua \u2013 TANSSIA tehokkaan orkesterin s\u00e4estyksell\u00e4\u201d.<\/p>\n\n\n\n<p>Ylioppilaslehden pakinoitsija Observer totesi mainoksen vaikutuksen: \u201dOlimme jo kev\u00e4\u00e4ll\u00e4 tehnyt sen pyh\u00e4n p\u00e4\u00e4t\u00f6ksen, ettemme ainakaan Me tule kes\u00e4yliopistoa l\u00e4sn\u00e4olollamme kunnioittamaan \u2026 Mutta \u2013 jo eteiseen p\u00e4\u00e4sty\u00e4mme pys\u00e4hdytti Meid\u00e4t Erkki Kalkaksen laatima j\u00e4ttil\u00e4ismainos kes\u00e4yliopistolaisia \u2026 odottavista suurista lauantaitansseista \u2026 Marssimme kansliaan ja suoritimme vaaditut maksut \u2026 Olimme kirjoittautuneet kes\u00e4yliopistoon.\u201d<\/p>\n\n\n\n<p>Jo pari viikkoa my\u00f6hemmin tanssittiin taas \u2013 tulot soutujoukkueelle uusien airojen hankkimiseksi. Aurasoudut olivat t\u00e4ht\u00e4imess\u00e4.&nbsp;<\/p>\n\n\n\n<p>Kiihke\u00e4\u00e4 juhlinnan himoa! Ei ihme, ett\u00e4 Katarinan p\u00e4iv\u00e4kirjasta l\u00f6ytyy toukokuussa toteamus: \u201dOn valvottu, valvottu ja taas valvottu. Ty\u00f6st\u00e4 ja luvuista ei tule mit\u00e4\u00e4n, haluttaa vain juosta ja olla.\u201d<\/p>\n\n\n\n<p>Kristina ja Tapani Kunttu<\/p>\n\n\n\n<p><strong>L\u00e4hteet:<\/strong><\/p>\n\n\n\n<p>Katarina Pihan (e. Nurmi) arkisto, Kristina Kuntun hallussa<\/p>\n\n\n\n<ul class=\"wp-block-list\">\n<li>P\u00e4iv\u00e4kirja v. 1945, jossa Turun Kes\u00e4yliopiston ohjelma 26.7.-4.8.1945 ja sanomalehtileike 27.6.1945: \u201dTurun Kes\u00e4yliopiston viidennen lukukauden avajaiset eilen\u201d.<\/li>\n\n\n\n<li>Juhlamainokset. Juhlien ajankohtaa ei ollut merkitty kaikkiin mainoksiin, mutta vuoden 1945 p\u00e4iv\u00e4kirjan, Turun Ylioppilaslehtien sek\u00e4 kalenterin avulla ne sai selvitetyksi.\u00a0<\/li>\n<\/ul>\n\n\n\n<p>Olkkonen Tuomo: Suomalaisen populaarikulttuurin nuoruusvuodet. Teoksessa <em>Suomalaisen arjen historia 3. Modernin Suomen synty. <\/em>Weilin+G\u00f6\u00f6s Oy, WS Bookwell Oy, Porvoo 2007.<\/p>\n\n\n\n<p>Turun Ylioppilaslehti 1945 vuosikerta.<\/p>\n","protected":false},"excerpt":{"rendered":"<p>Suomen talvi- ja jatkosodan aikana tanssien j\u00e4rjest\u00e4minen oli kielletty\u00e4. Sallittuja olivat vain teatteri- ja elokuvan\u00e4yt\u00e4nn\u00f6t, konsertit sek\u00e4 is\u00e4nmaalliset juhlatilaisuudet.&nbsp; Huvittelunhalua s\u00e4\u00e4d\u00f6kset eiv\u00e4t kuitenkaan poistaneet, mutta luvattomista nurkkatansseista tai kotihipoista saatettiin tuomita sakkoja \u2013 jopa vankeutta.&nbsp; Ei ihme, ett\u00e4 tanssikiellon poistuttua sodan j\u00e4lkeen kaikenlaiset juhlimiset suorastaan ry\u00f6ps\u00e4htiv\u00e4t valloilleen. T\u00e4m\u00e4 n\u00e4kyi vahvasti opiskelijael\u00e4m\u00e4ss\u00e4 Turussa. Vuoden 1945 Turun &hellip; <a href=\"https:\/\/blogit.utu.fi\/turku800\/2026\/05\/01\/vivate-karnevalis\/\" class=\"more-link\">Jatka lukemista <span class=\"screen-reader-text\">Vivate Karnevalis!<\/span> <span class=\"meta-nav\">&rarr;<\/span><\/a><\/p>\n","protected":false},"author":29,"featured_media":0,"comment_status":"open","ping_status":"open","sticky":false,"template":"","format":"standard","meta":{"footnotes":""},"categories":[10],"tags":[293,292,291,290],"class_list":["post-611","post","type-post","status-publish","format-standard","hentry","category-1900-luku","tag-293","tag-juhlamainokset","tag-juhliminen","tag-ylioppilaat"],"_links":{"self":[{"href":"https:\/\/blogit.utu.fi\/turku800\/wp-json\/wp\/v2\/posts\/611","targetHints":{"allow":["GET"]}}],"collection":[{"href":"https:\/\/blogit.utu.fi\/turku800\/wp-json\/wp\/v2\/posts"}],"about":[{"href":"https:\/\/blogit.utu.fi\/turku800\/wp-json\/wp\/v2\/types\/post"}],"author":[{"embeddable":true,"href":"https:\/\/blogit.utu.fi\/turku800\/wp-json\/wp\/v2\/users\/29"}],"replies":[{"embeddable":true,"href":"https:\/\/blogit.utu.fi\/turku800\/wp-json\/wp\/v2\/comments?post=611"}],"version-history":[{"count":1,"href":"https:\/\/blogit.utu.fi\/turku800\/wp-json\/wp\/v2\/posts\/611\/revisions"}],"predecessor-version":[{"id":614,"href":"https:\/\/blogit.utu.fi\/turku800\/wp-json\/wp\/v2\/posts\/611\/revisions\/614"}],"wp:attachment":[{"href":"https:\/\/blogit.utu.fi\/turku800\/wp-json\/wp\/v2\/media?parent=611"}],"wp:term":[{"taxonomy":"category","embeddable":true,"href":"https:\/\/blogit.utu.fi\/turku800\/wp-json\/wp\/v2\/categories?post=611"},{"taxonomy":"post_tag","embeddable":true,"href":"https:\/\/blogit.utu.fi\/turku800\/wp-json\/wp\/v2\/tags?post=611"}],"curies":[{"name":"wp","href":"https:\/\/api.w.org\/{rel}","templated":true}]}}