{"id":492,"date":"2020-03-12T09:34:57","date_gmt":"2020-03-12T07:34:57","guid":{"rendered":"https:\/\/blogit.utu.fi\/wooden\/?p=492"},"modified":"2020-03-12T09:34:59","modified_gmt":"2020-03-12T07:34:59","slug":"kenen-kirkko-seminaarissa","status":"publish","type":"post","link":"https:\/\/blogit.utu.fi\/wooden\/2020\/03\/12\/kenen-kirkko-seminaarissa\/","title":{"rendered":"Kenen kirkko -seminaarissa"},"content":{"rendered":"\n<p>Museovirasto j\u00e4rjesti Helsingiss\u00e4 5.\u20136.3.2020 Kansallismuseon auditoriossa seminaarin <a href=\"https:\/\/www.museovirasto.fi\/fi\/kulttuuriymparisto\/kulttuuriymparistopalvelut-tehtavat-ja-yhteistyo\/kulttuuriymparistopalveluiden-tilaisuudet-ja-tapahtumat\/kenenkirkko\">&#8220;Kenen kirkko? Uskonnollisen kulttuuriperinn\u00f6n muuttuvat merkitykset&#8221;<\/a>. My\u00f6s Muutoksen veist\u00e4j\u00e4t -projekti osallistui seminaariin kahden esitelm\u00e4n voimin:<\/p>\n\n\n\n<ul class=\"wp-block-list\"><li>Katri Vuola, Jaana Paulus: <em>Keskiaikaisten krusifiksien kerrostuneet merkitykset ja uudistamisen uhat<\/em><\/li><li>Elina R\u00e4s\u00e4nen, Saila Leskinen: <em>Maria ja seitsem\u00e4n apostolia \u2014 Siuntion kirkon veistosten uusi tuleminen<\/em> <\/li><\/ul>\n\n\n\n<p>Esitelm\u00e4t voi katsoa YouTube videona. Ne sijaitsevat osassa 4\/6 v\u00e4lill\u00e4 1:03:40\u20132:05:10.<br><a href=\"https:\/\/www.youtube.com\/watch?v=y0a_3X1haSg&amp;list=PL_OuX3gTiSNnGWQjPl8klZTOyAReb8qex&amp;index=4\">https:\/\/www.youtube.com\/watch?v=y0a_3X1haSg&amp;list=PL_OuX3gTiSNnGWQjPl8klZTOyAReb8qex&amp;index=4<\/a><\/p>\n","protected":false},"excerpt":{"rendered":"<p>Museovirasto j\u00e4rjesti Helsingiss\u00e4 5.\u20136.3.2020 Kansallismuseon auditoriossa seminaarin &#8220;Kenen kirkko? Uskonnollisen kulttuuriperinn\u00f6n muuttuvat merkitykset&#8221;. My\u00f6s Muutoksen veist\u00e4j\u00e4t -projekti osallistui seminaariin kahden esitelm\u00e4n voimin: Katri Vuola, Jaana Paulus: Keskiaikaisten krusifiksien kerrostuneet merkitykset ja uudistamisen uhat Elina R\u00e4s\u00e4nen, Saila Leskinen: Maria ja seitsem\u00e4n apostolia \u2014 Siuntion kirkon veistosten uusi tuleminen Esitelm\u00e4t voi katsoa<\/p>\n","protected":false},"author":5284,"featured_media":0,"comment_status":"open","ping_status":"closed","sticky":false,"template":"","format":"standard","meta":{"footnotes":""},"categories":[1],"tags":[],"class_list":["post-492","post","type-post","status-publish","format-standard","hentry","category-uncategorized"],"_links":{"self":[{"href":"https:\/\/blogit.utu.fi\/wooden\/wp-json\/wp\/v2\/posts\/492","targetHints":{"allow":["GET"]}}],"collection":[{"href":"https:\/\/blogit.utu.fi\/wooden\/wp-json\/wp\/v2\/posts"}],"about":[{"href":"https:\/\/blogit.utu.fi\/wooden\/wp-json\/wp\/v2\/types\/post"}],"author":[{"embeddable":true,"href":"https:\/\/blogit.utu.fi\/wooden\/wp-json\/wp\/v2\/users\/5284"}],"replies":[{"embeddable":true,"href":"https:\/\/blogit.utu.fi\/wooden\/wp-json\/wp\/v2\/comments?post=492"}],"version-history":[{"count":1,"href":"https:\/\/blogit.utu.fi\/wooden\/wp-json\/wp\/v2\/posts\/492\/revisions"}],"predecessor-version":[{"id":495,"href":"https:\/\/blogit.utu.fi\/wooden\/wp-json\/wp\/v2\/posts\/492\/revisions\/495"}],"wp:attachment":[{"href":"https:\/\/blogit.utu.fi\/wooden\/wp-json\/wp\/v2\/media?parent=492"}],"wp:term":[{"taxonomy":"category","embeddable":true,"href":"https:\/\/blogit.utu.fi\/wooden\/wp-json\/wp\/v2\/categories?post=492"},{"taxonomy":"post_tag","embeddable":true,"href":"https:\/\/blogit.utu.fi\/wooden\/wp-json\/wp\/v2\/tags?post=492"}],"curies":[{"name":"wp","href":"https:\/\/api.w.org\/{rel}","templated":true}]}}