{"id":165,"date":"2026-08-12T00:48:25","date_gmt":"2026-08-11T21:48:25","guid":{"rendered":"https:\/\/blogit.utu.fi\/yhteisomaalla\/?p=165"},"modified":"2026-08-20T23:57:26","modified_gmt":"2026-08-20T20:57:26","slug":"ohi-vilahtanut-heinakuu","status":"publish","type":"post","link":"https:\/\/blogit.utu.fi\/yhteisomaalla\/2026\/08\/12\/ohi-vilahtanut-heinakuu\/","title":{"rendered":"Ohi vilahtanut hein\u00e4kuu"},"content":{"rendered":"<div class=\"has-link-color wp-block-post-date__modified-date wp-elements-ddc428d7b8be3e6cf1c7c67248df4ce6 wp-block-post-date has-text-color has-base-color\"><time datetime=\"2026-08-12T00:48:25+03:00\">12.8.2026<\/time><\/div>\n\n\n<p class=\"wp-block-paragraph\">Otsikko saattaa johtaa harhaan \u2013 kuukausi oli ohi kuin huomaamatta, mutta tuntui melkeinp\u00e4 ennemminkin <em>kuukausilta<\/em>. Yritin lomailla jokaisessa mahdollisessa v\u00e4liss\u00e4.&nbsp;Kyykin p\u00e4ivi\u00e4 mustikassa, l\u00e4mmitin rantasaunaa ja uin Aurajoessa. Odotin tuoksuherneiden kukintaa, ker\u00e4sin alkavaa satoa kasvimaalta ja vietin aikaa l\u00e4heisten kanssa. Mutta lomailun ohessa aloitin my\u00f6s tutkimukseni aineiston keruun eli kentt\u00e4ty\u00f6t maaseudun yhteis\u00f6iss\u00e4, joissa asuin muutaman viikon eri puolilla Suomea.<\/p>\n\n\n\n<p class=\"wp-block-paragraph\">Olen viel\u00e4 hieman py\u00f6r\u00e4ll\u00e4 p\u00e4\u00e4st\u00e4ni. Sanoja on paljon, samoin tunteita ja ajatuksia, mutta ne eiv\u00e4t viel\u00e4 ole kypsi\u00e4 jaettavaksi. Seuraavaksi listaankin joitain osin melko konkreettisia asioista, joita olen yhteis\u00f6iss\u00e4 tehtyn ja kokenut.<\/p>\n\n\n\n<p class=\"wp-block-paragraph\">Kent\u00e4ll\u00e4 p\u00e4\u00e4sin oppimaan erilaisten puutarhojen ja kasvien hoidosta, revin uskomattomat m\u00e4\u00e4r\u00e4t vieraslajeja (ja koin voimattomuutta niiden edess\u00e4), istuin usein valmiiseen ruokap\u00f6yt\u00e4\u00e4n ja osallistuin talkoisiin. Ole tehnyt sanaristikoita, maannut auringossa, saunonut, tutustunut uusiin kissoihin ja juonut tavallista enemm\u00e4n kahvia. Valvonut ja kirjoittanut, PALJON. Olen saanut auttaa muita mutta kokenut itsekin huolenpitoa ja v\u00e4litt\u00e4mist\u00e4, jollaista en osannut odottaa. Olen kunnostanut ikkunoita ja rappusia, kitkenyt kasvimaata. Nostanut perunaa ja istuttanut taimia. Tutustunut maaseutuun, hiekkateihin, autiotaloihin ja metsiin. K\u00e4ynyt monenlaisia keskusteluja. Ennen kaikkea tutustunut ihmisiin, tapoihin el\u00e4\u00e4, jakaa ja ajatella. Olen my\u00f6s oppinut itsest\u00e4ni, ihmisen\u00e4 ja etnografina.<\/p>\n\n\n\n<p class=\"wp-block-paragraph\">Olen pohtinut ja keskustellut paljon tutkijuudesta. Mik\u00e4 roolini on yhteis\u00f6iss\u00e4, millaisia rajoja vedet\u00e4\u00e4n ja toisaalta miten rajat h\u00e4m\u00e4rtyv\u00e4t, kun asuu ja el\u00e4\u00e4 muiden kanssa. Mietin paljon sit\u00e4, miten min\u00e4 itse vaikutan yhteis\u00f6ihin, miten perustelen itselleni ja muille erilaisia valintojani. Kerran istuin iltapalap\u00f6yd\u00e4ss\u00e4 muutaman muun kanssa ja huoneeseen astui y\u00f6vieraita. Minut esiteltiin tulijoille suoraan tutkijana, joka \u201dtutkii meit\u00e4\u201d. J\u00e4in miettim\u00e4\u00e4n t\u00e4t\u00e4 viel\u00e4 pitk\u00e4\u00e4n j\u00e4lkeenkin p\u00e4in. Millainen etuoikeus ja luottamuksen osoitus on tulla otetuksi vastaan t\u00e4llaisessa asetelmassa, ja miten itse voin olla sen luottamuksen arvoinen.<\/p>\n\n\n\n<p class=\"wp-block-paragraph\">Elokuussa keskityn rahoituksen hakemiseen ja kirjallisuuden lukemiseen, ennen paluuta kent\u00e4lle.<\/p>\n\n\n\n<p class=\"wp-block-paragraph\">Mik\u00e4li sinulla her\u00e4\u00e4 ajatuksia tai kysymyksi\u00e4, voit olla minuun yhteydess\u00e4: suvi.e.salminen@utu.fi.<\/p>\n\n\n\n<p class=\"wp-block-paragraph\"><\/p>\n","protected":false},"excerpt":{"rendered":"<p>Otsikko saattaa johtaa harhaan \u2013 kuukausi oli ohi kuin huomaamatta, mutta tuntui melkeinp\u00e4 ennemminkin kuukausilta. Yritin lomailla jokaisessa mahdollisessa v\u00e4liss\u00e4.&nbsp;Kyykin p\u00e4ivi\u00e4 mustikassa, l\u00e4mmitin rantasaunaa ja uin Aurajoessa. Odotin tuoksuherneiden kukintaa, ker\u00e4sin alkavaa satoa kasvimaalta ja vietin aikaa l\u00e4heisten kanssa. Mutta lomailun ohessa aloitin my\u00f6s tutkimukseni aineiston keruun eli kentt\u00e4ty\u00f6t maaseudun yhteis\u00f6iss\u00e4, joissa asuin muutaman viikon [&hellip;]<\/p>\n","protected":false},"author":34917,"featured_media":0,"comment_status":"closed","ping_status":"open","sticky":false,"template":"","format":"standard","meta":{"footnotes":""},"categories":[6],"tags":[],"class_list":["post-165","post","type-post","status-publish","format-standard","hentry","category-kuulumisia"],"_links":{"self":[{"href":"https:\/\/blogit.utu.fi\/yhteisomaalla\/wp-json\/wp\/v2\/posts\/165","targetHints":{"allow":["GET"]}}],"collection":[{"href":"https:\/\/blogit.utu.fi\/yhteisomaalla\/wp-json\/wp\/v2\/posts"}],"about":[{"href":"https:\/\/blogit.utu.fi\/yhteisomaalla\/wp-json\/wp\/v2\/types\/post"}],"author":[{"embeddable":true,"href":"https:\/\/blogit.utu.fi\/yhteisomaalla\/wp-json\/wp\/v2\/users\/34917"}],"replies":[{"embeddable":true,"href":"https:\/\/blogit.utu.fi\/yhteisomaalla\/wp-json\/wp\/v2\/comments?post=165"}],"version-history":[{"count":23,"href":"https:\/\/blogit.utu.fi\/yhteisomaalla\/wp-json\/wp\/v2\/posts\/165\/revisions"}],"predecessor-version":[{"id":266,"href":"https:\/\/blogit.utu.fi\/yhteisomaalla\/wp-json\/wp\/v2\/posts\/165\/revisions\/266"}],"wp:attachment":[{"href":"https:\/\/blogit.utu.fi\/yhteisomaalla\/wp-json\/wp\/v2\/media?parent=165"}],"wp:term":[{"taxonomy":"category","embeddable":true,"href":"https:\/\/blogit.utu.fi\/yhteisomaalla\/wp-json\/wp\/v2\/categories?post=165"},{"taxonomy":"post_tag","embeddable":true,"href":"https:\/\/blogit.utu.fi\/yhteisomaalla\/wp-json\/wp\/v2\/tags?post=165"}],"curies":[{"name":"wp","href":"https:\/\/api.w.org\/{rel}","templated":true}]}}